{"id":88435,"date":"2026-08-31T12:03:16","date_gmt":"2026-08-31T10:03:16","guid":{"rendered":"https:\/\/energyear.com\/?p=88435"},"modified":"2026-08-31T18:23:15","modified_gmt":"2026-08-31T16:23:15","slug":"principales-actores-sector-energetico-reunen-futuro-renovable-argentina","status":"publish","type":"post","link":"https:\/\/energyear.com\/it\/notas-de-prensa\/principales-actores-sector-energetico-reunen-futuro-renovable-argentina\/","title":{"rendered":"I principali attori del settore energetico si riuniscono per discutere del futuro delle energie rinnovabili in Argentina"},"content":{"rendered":"<div data-elementor-type=\"wp-post\" data-elementor-id=\"88435\" class=\"elementor elementor-88435\" data-elementor-post-type=\"post\">\n\t\t\t\t<div class=\"elementor-element elementor-element-cd7ed7e e-flex e-con-boxed e-con e-parent\" data-id=\"cd7ed7e\" data-element_type=\"container\" data-e-type=\"container\" data-settings=\"{&quot;jet_parallax_layout_list&quot;:[]}\">\n\t\t\t\t\t<div class=\"e-con-inner\">\n\t\t<div class=\"elementor-element elementor-element-5022b9f e-con-full e-flex e-con e-child\" data-id=\"5022b9f\" data-element_type=\"container\" data-e-type=\"container\" data-settings=\"{&quot;jet_parallax_layout_list&quot;:[]}\">\n\t\t\t\t<div class=\"elementor-element elementor-element-80b0ca4 elementor-widget elementor-widget-image\" data-id=\"80b0ca4\" data-element_type=\"widget\" data-e-type=\"widget\" data-widget_type=\"image.default\">\n\t\t\t\t\t\t\t\t\t\t\t\t\t\t\t<img loading=\"lazy\" decoding=\"async\" width=\"1024\" height=\"684\" src=\"https:\/\/energyear.com\/wp-content\/uploads\/2026\/08\/Principales-actores-del-sector-energetico-se-reunen-para-debatir-el-futuro-renovable-de-Argentina-1024x684.jpg\" class=\"attachment-large size-large wp-image-88436\" alt=\"I principali attori del settore energetico si riuniscono per discutere del futuro delle energie rinnovabili in Argentina\" srcset=\"\" sizes=\"auto, (max-width: 1024px) 100vw, 1024px\" data-srcset=\"\" \/>\t\t\t\t\t\t\t\t\t\t\t\t\t\t\t<\/div>\n\t\t\t\t<div class=\"elementor-element elementor-element-a80ec7d elementor-widget elementor-widget-heading\" data-id=\"a80ec7d\" data-element_type=\"widget\" data-e-type=\"widget\" data-widget_type=\"heading.default\">\n\t\t\t\t\t<h1 class=\"elementor-heading-title elementor-size-default\">I principali attori del settore energetico si riuniscono per discutere del futuro delle energie rinnovabili in Argentina<\/h1>\t\t\t\t<\/div>\n\t\t\t\t<div class=\"elementor-element elementor-element-ebe8bf9 elementor-widget elementor-widget-text-editor\" data-id=\"ebe8bf9\" data-element_type=\"widget\" data-e-type=\"widget\" data-widget_type=\"text-editor.default\">\n\t\t\t\t\t\t\t\t\t<p><strong>Buenos Aires, 1\u00b0 settembre 2026.<\/strong> L'Argentina sta affrontando una fase cruciale per l'evoluzione del proprio sistema energetico. La recente aggiudicazione di 700,5 MW di sistemi di accumulo a batteria tramite AlmaSADI, insieme ai nuovi progetti volti ad ampliare e potenziare l'infrastruttura elettrica, pone il Paese di fronte a importanti sfide legate all'integrazione delle energie rinnovabili, allo sviluppo dei sistemi di accumulo e alla modernizzazione della rete.<\/p><p>In questo contesto, il 16 e il 17 settembre prossimi, il Faena Art Center di Buenos Aires ospiter\u00e0 a <span style=\"text-decoration: underline; color: #000080;\"><a style=\"color: #000080; text-decoration: underline;\" href=\"https:\/\/energyear.com\/it\/argentina\/\">Energyear Argentina<\/a><\/span> rappresentanti della pubblica amministrazione, aziende energetiche, sviluppatori, produttori di tecnologia e investitori, per analizzare l'evoluzione del mercato e le principali sfide che segneranno il futuro del settore in Argentina.<\/p><p>Tra le principali organizzazioni che hanno confermato la loro partecipazione figurano il Ministero dell\u2019Economia della Repubblica Argentina, Genneia, CAMMESA, DQD Energy, 360 Energy, AES Argentina, YPF, Sungrow, Axial Structural, Jinko, Kehua Tech, Aluar e Intermepro, aziende che saranno presenti all\u2019evento in un momento particolarmente significativo per lo sviluppo dello stoccaggio energetico in Argentina.<\/p><p><strong>Asta, mercato e leadership: i grandi dibattiti<\/strong><\/p><p>Uno dei punti chiave sar\u00e0 l'evoluzione del mercato e le opportunit\u00e0 offerte dalla nuova capacit\u00e0 di stoccaggio. <a href=\"https:\/\/www.review-energy.com\/almacenamiento\/almasadi-ya-tiene-ganadores-genneia-lidera-una-adjudicacion-de-700-mw-de-almacenamiento-en-argentina\" target=\"_blank\" rel=\"noopener\"><span style=\"text-decoration: underline;\"><span style=\"color: #000080; text-decoration: underline;\">Il recente bando AlmaSADI<\/span><\/span><\/a>, che ha ricevuto oltre 230 proposte da 37 aziende per una capacit\u00e0 di circa 8.300 MW a fronte di un obiettivo iniziale di 700 MW, ha segnato una nuova svolta per i sistemi BESS in Argentina.<\/p><p>Questo contesto sar\u00e0 analizzato in modo approfondito nel corso dell\u2019incontro, insieme alle prospettive di evoluzione del mercato energetico argentino. I panel dedicati al Mercato, all\u2019Asta e ai Leader riuniranno i rappresentanti di alcune delle principali aziende e istituzioni del settore per affrontare le opportunit\u00e0, le sfide e le trasformazioni che il settore si trova ad affrontare.<\/p><p>Anche la regolamentazione e la pianificazione del sistema elettrico avranno un ruolo di primo piano, con particolare attenzione all\u2019evoluzione del mercato all\u2019ingrosso dell\u2019energia elettrica e alle condizioni necessarie per accompagnare la trasformazione del mix energetico. Lo stoccaggio, l\u2019integrazione delle nuove tecnologie e lo sviluppo dei progetti derivanti da AlmaSADI completeranno alcuni dei principali temi di discussione.<\/p><p>L'agenda tratter\u00e0 inoltre altri ambiti chiave per l'evoluzione del settore, quali lo sviluppo di progetti solari e fotovoltaici, l'energia eolica, l'autoconsumo, le infrastrutture di trasmissione e distribuzione e l'accesso ai finanziamenti e agli investimenti per nuovi progetti nel campo delle energie rinnovabili.<\/p><p>Con oltre 600 professionisti attesi, pi\u00f9 di 80 relatori, oltre 50 aziende e organizzazioni partecipanti e pi\u00f9 di 15 tavole rotonde specializzate, Energyear Argentina riunir\u00e0 per due giornate gran parte dell\u2019ecosistema energetico del Paese per analizzare le trasformazioni che caratterizzeranno i prossimi anni.<\/p>\t\t\t\t\t\t\t\t<\/div>\n\t\t\t\t<\/div>\n\t\t\t\t\t<\/div>\n\t\t\t\t<\/div>\n\t\t<div class=\"elementor-element elementor-element-dcc7883 e-flex e-con-boxed e-con e-parent\" data-id=\"dcc7883\" data-element_type=\"container\" data-e-type=\"container\" data-settings=\"{&quot;jet_parallax_layout_list&quot;:[]}\">\n\t\t\t\t\t<div class=\"e-con-inner\">\n\t\t<div class=\"elementor-element elementor-element-363610a e-con-full e-flex e-con e-child\" data-id=\"363610a\" data-element_type=\"container\" data-e-type=\"container\" data-settings=\"{&quot;jet_parallax_layout_list&quot;:[]}\">\n\t\t\t\t<div class=\"elementor-element elementor-element-75fe7ee elementor-widget elementor-widget-text-editor\" data-id=\"75fe7ee\" data-element_type=\"widget\" data-e-type=\"widget\" data-widget_type=\"text-editor.default\">\n\t\t\t\t\t\t\t\t\t<h2><strong>Informazioni su Energyear Argentina<\/strong><\/h2><p><span style=\"text-decoration: underline; color: #000080;\"><a style=\"color: #000080; text-decoration: underline;\" href=\"https:\/\/energyear.com\/it\/argentina\/\">Energyear Argentina<\/a><\/span> \u00c8 un evento di riferimento nel settore delle energie rinnovabili che riunisce leader aziendali, investitori, istituzioni ed esperti per discutere del presente e del futuro del settore, promuovendo la transizione verso un modello energetico pi\u00f9 sostenibile in Argentina e in America Latina.<\/p><p>Contatti per la stampa:\u00a0<br \/>Luis Monta\u00f1o \u2013 Mkt &amp; Coms | <span style=\"text-decoration: underline; color: #000080;\"><a style=\"color: #000080; text-decoration: underline;\" href=\"mailto:luis@energyear.com\" target=\"_blank\" rel=\"noopener\">luis@energyear.com<\/a><\/span> +34 618 56 12 11<\/p>\t\t\t\t\t\t\t\t<\/div>\n\t\t\t\t<\/div>\n\t\t<div class=\"elementor-element elementor-element-73cd866 e-flex e-con-boxed e-con e-child\" data-id=\"73cd866\" data-element_type=\"container\" data-e-type=\"container\" data-settings=\"{&quot;jet_parallax_layout_list&quot;:[]}\">\n\t\t\t\t\t<div class=\"e-con-inner\">\n\t\t\t\t<div class=\"elementor-element elementor-element-07ee40f elementor-widget elementor-widget-image\" data-id=\"07ee40f\" data-element_type=\"widget\" data-e-type=\"widget\" data-widget_type=\"image.default\">\n\t\t\t\t\t\t\t\t\t\t\t\t\t\t\t\t<a href=\"https:\/\/energyear.com\/it\/italia\/\">\n\t\t\t\t\t\t\t<img loading=\"lazy\" decoding=\"async\" width=\"2560\" height=\"675\" src=\"https:\/\/energyear.com\/wp-content\/uploads\/2026\/08\/argentina-2026-new-scaled.png\" class=\"attachment-full size-full wp-image-88439\" alt=\"energyear argentina 2026 logo\" srcset=\"https:\/\/energyear.com\/wp-content\/uploads\/2026\/08\/argentina-2026-new-scaled.png 2560w, https:\/\/energyear.com\/wp-content\/uploads\/2026\/08\/argentina-2026-new-300x79.png 300w, https:\/\/energyear.com\/wp-content\/uploads\/2026\/08\/argentina-2026-new-1024x270.png 1024w, https:\/\/energyear.com\/wp-content\/uploads\/2026\/08\/argentina-2026-new-768x202.png 768w, https:\/\/energyear.com\/wp-content\/uploads\/2026\/08\/argentina-2026-new-1536x405.png 1536w, https:\/\/energyear.com\/wp-content\/uploads\/2026\/08\/argentina-2026-new-2048x540.png 2048w, https:\/\/energyear.com\/wp-content\/uploads\/2026\/08\/argentina-2026-new-600x158.png 600w\" sizes=\"auto, (max-width: 2560px) 100vw, 2560px\" \/>\t\t\t\t\t\t\t\t<\/a>\n\t\t\t\t\t\t\t\t\t\t\t\t\t\t\t<\/div>\n\t\t\t\t<div class=\"elementor-element elementor-element-9413715 elementor-share-buttons--view-icon-text elementor-share-buttons--skin-gradient elementor-share-buttons--shape-square elementor-grid-0 elementor-share-buttons--color-official elementor-widget elementor-widget-share-buttons\" data-id=\"9413715\" data-element_type=\"widget\" data-e-type=\"widget\" data-widget_type=\"share-buttons.default\">\n\t\t\t\t\t\t\t<div class=\"elementor-grid\" role=\"list\">\n\t\t\t\t\t\t\t\t<div class=\"elementor-grid-item\" role=\"listitem\">\n\t\t\t\t\t\t<div class=\"elementor-share-btn elementor-share-btn_linkedin\" role=\"button\" tabindex=\"0\" aria-label=\"Condividi su linkedin\">\n\t\t\t\t\t\t\t\t\t\t\t\t\t\t\t<span class=\"elementor-share-btn__icon\">\n\t\t\t\t\t\t\t\t<i class=\"fab fa-linkedin\" aria-hidden=\"true\"><\/i>\t\t\t\t\t\t\t<\/span>\n\t\t\t\t\t\t\t\t\t\t\t\t\t\t\t\t\t\t\t\t\t\t<div class=\"elementor-share-btn__text\">\n\t\t\t\t\t\t\t\t\t\t\t\t\t\t\t\t\t\t\t<span class=\"elementor-share-btn__title\">\n\t\t\t\t\t\t\t\t\t\tLinkedIn\t\t\t\t\t\t\t\t\t<\/span>\n\t\t\t\t\t\t\t\t\t\t\t\t\t\t\t\t\t<\/div>\n\t\t\t\t\t\t\t\t\t\t\t\t\t<\/div>\n\t\t\t\t\t<\/div>\n\t\t\t\t\t\t\t\t\t<div class=\"elementor-grid-item\" role=\"listitem\">\n\t\t\t\t\t\t<div class=\"elementor-share-btn elementor-share-btn_facebook\" role=\"button\" tabindex=\"0\" aria-label=\"Condividi su facebook\">\n\t\t\t\t\t\t\t\t\t\t\t\t\t\t\t<span class=\"elementor-share-btn__icon\">\n\t\t\t\t\t\t\t\t<i class=\"fab fa-facebook\" aria-hidden=\"true\"><\/i>\t\t\t\t\t\t\t<\/span>\n\t\t\t\t\t\t\t\t\t\t\t\t\t\t\t\t\t\t\t\t\t\t<div class=\"elementor-share-btn__text\">\n\t\t\t\t\t\t\t\t\t\t\t\t\t\t\t\t\t\t\t<span class=\"elementor-share-btn__title\">\n\t\t\t\t\t\t\t\t\t\tFacebook\t\t\t\t\t\t\t\t\t<\/span>\n\t\t\t\t\t\t\t\t\t\t\t\t\t\t\t\t\t<\/div>\n\t\t\t\t\t\t\t\t\t\t\t\t\t<\/div>\n\t\t\t\t\t<\/div>\n\t\t\t\t\t\t\t\t\t<div class=\"elementor-grid-item\" role=\"listitem\">\n\t\t\t\t\t\t<div class=\"elementor-share-btn elementor-share-btn_x-twitter\" role=\"button\" tabindex=\"0\" aria-label=\"Condividi su x-twitter\">\n\t\t\t\t\t\t\t\t\t\t\t\t\t\t\t<span class=\"elementor-share-btn__icon\">\n\t\t\t\t\t\t\t\t<i class=\"fab fa-x-twitter\" aria-hidden=\"true\"><\/i>\t\t\t\t\t\t\t<\/span>\n\t\t\t\t\t\t\t\t\t\t\t\t\t\t\t\t\t\t\t\t\t\t<div class=\"elementor-share-btn__text\">\n\t\t\t\t\t\t\t\t\t\t\t\t\t\t\t\t\t\t\t<span class=\"elementor-share-btn__title\">\n\t\t\t\t\t\t\t\t\t\tX\t\t\t\t\t\t\t\t\t<\/span>\n\t\t\t\t\t\t\t\t\t\t\t\t\t\t\t\t\t<\/div>\n\t\t\t\t\t\t\t\t\t\t\t\t\t<\/div>\n\t\t\t\t\t<\/div>\n\t\t\t\t\t\t\t\t\t<div class=\"elementor-grid-item\" role=\"listitem\">\n\t\t\t\t\t\t<div class=\"elementor-share-btn elementor-share-btn_whatsapp\" role=\"button\" tabindex=\"0\" aria-label=\"Condividi su whatsapp\">\n\t\t\t\t\t\t\t\t\t\t\t\t\t\t\t<span class=\"elementor-share-btn__icon\">\n\t\t\t\t\t\t\t\t<i class=\"fab fa-whatsapp\" aria-hidden=\"true\"><\/i>\t\t\t\t\t\t\t<\/span>\n\t\t\t\t\t\t\t\t\t\t\t\t\t\t\t\t\t\t\t\t\t\t<div class=\"elementor-share-btn__text\">\n\t\t\t\t\t\t\t\t\t\t\t\t\t\t\t\t\t\t\t<span class=\"elementor-share-btn__title\">\n\t\t\t\t\t\t\t\t\t\tWhatsApp\t\t\t\t\t\t\t\t\t<\/span>\n\t\t\t\t\t\t\t\t\t\t\t\t\t\t\t\t\t<\/div>\n\t\t\t\t\t\t\t\t\t\t\t\t\t<\/div>\n\t\t\t\t\t<\/div>\n\t\t\t\t\t\t\t\t\t<div class=\"elementor-grid-item\" role=\"listitem\">\n\t\t\t\t\t\t<div class=\"elementor-share-btn elementor-share-btn_email\" role=\"button\" tabindex=\"0\" aria-label=\"Condividi su email\">\n\t\t\t\t\t\t\t\t\t\t\t\t\t\t\t<span class=\"elementor-share-btn__icon\">\n\t\t\t\t\t\t\t\t<i class=\"fas fa-envelope\" aria-hidden=\"true\"><\/i>\t\t\t\t\t\t\t<\/span>\n\t\t\t\t\t\t\t\t\t\t\t\t\t\t\t\t\t\t\t\t\t\t<div class=\"elementor-share-btn__text\">\n\t\t\t\t\t\t\t\t\t\t\t\t\t\t\t\t\t\t\t<span class=\"elementor-share-btn__title\">\n\t\t\t\t\t\t\t\t\t\tEmail\t\t\t\t\t\t\t\t\t<\/span>\n\t\t\t\t\t\t\t\t\t\t\t\t\t\t\t\t\t<\/div>\n\t\t\t\t\t\t\t\t\t\t\t\t\t<\/div>\n\t\t\t\t\t<\/div>\n\t\t\t\t\t\t<\/div>\n\t\t\t\t\t\t<\/div>\n\t\t\t\t\t<\/div>\n\t\t\t\t<\/div>\n\t\t\t\t\t<\/div>\n\t\t\t\t<\/div>\n\t\t<div class=\"elementor-element elementor-element-4759280 e-flex e-con-boxed e-con e-parent\" data-id=\"4759280\" data-element_type=\"container\" data-e-type=\"container\" data-settings=\"{&quot;jet_parallax_layout_list&quot;:[]}\">\n\t\t\t\t\t<div class=\"e-con-inner\">\n\t\t<div class=\"elementor-element elementor-element-1c70f04 e-con-full e-flex e-con e-child\" data-id=\"1c70f04\" data-element_type=\"container\" data-e-type=\"container\" data-settings=\"{&quot;jet_parallax_layout_list&quot;:[]}\">\n\t\t\t\t<div class=\"elementor-element elementor-element-d5c99c7 elementor-align-center elementor-button-info elementor-widget elementor-widget-button\" data-id=\"d5c99c7\" data-element_type=\"widget\" data-e-type=\"widget\" data-settings=\"{&quot;_animation&quot;:&quot;none&quot;}\" data-widget_type=\"button.default\">\n\t\t\t\t\t\t\t\t\t\t<a class=\"elementor-button elementor-button-link elementor-size-lg\" href=\"https:\/\/energyear.com\/it\/argentina\/\">\n\t\t\t\t\t\t<span class=\"elementor-button-content-wrapper\">\n\t\t\t\t\t\t\t\t\t<span class=\"elementor-button-text\">Maggiori informazioni su Energyear Argentina<\/span>\n\t\t\t\t\t<\/span>\n\t\t\t\t\t<\/a>\n\t\t\t\t\t\t\t\t<\/div>\n\t\t\t\t<\/div>\n\t\t<div class=\"elementor-element elementor-element-da539fa e-con-full e-flex e-con e-child\" data-id=\"da539fa\" data-element_type=\"container\" data-e-type=\"container\" data-settings=\"{&quot;jet_parallax_layout_list&quot;:[]}\">\n\t\t\t\t<div class=\"elementor-element elementor-element-c793bf6 elementor-align-center elementor-button-info elementor-widget elementor-widget-button\" data-id=\"c793bf6\" data-element_type=\"widget\" data-e-type=\"widget\" data-settings=\"{&quot;_animation&quot;:&quot;none&quot;}\" data-widget_type=\"button.default\">\n\t\t\t\t\t\t\t\t\t\t<a class=\"elementor-button elementor-button-link elementor-size-lg\" href=\"https:\/\/energyear.com\/wp-content\/uploads\/2026\/08\/NOTA-DE-PRENSA-ENERGYEAR-ARGENTINA-2026-3.pdf\" target=\"_blank\">\n\t\t\t\t\t\t<span class=\"elementor-button-content-wrapper\">\n\t\t\t\t\t\t\t\t\t<span class=\"elementor-button-text\">Scarica il comunicato stampa in formato PDF<\/span>\n\t\t\t\t\t<\/span>\n\t\t\t\t\t<\/a>\n\t\t\t\t\t\t\t\t<\/div>\n\t\t\t\t<\/div>\n\t\t<div class=\"elementor-element elementor-element-ba17429 e-con-full e-flex e-con e-child\" data-id=\"ba17429\" data-element_type=\"container\" data-e-type=\"container\" data-settings=\"{&quot;jet_parallax_layout_list&quot;:[]}\">\n\t\t\t\t<div class=\"elementor-element elementor-element-0a239f7 elementor-align-center elementor-button-info elementor-widget elementor-widget-button\" data-id=\"0a239f7\" data-element_type=\"widget\" data-e-type=\"widget\" data-settings=\"{&quot;_animation&quot;:&quot;none&quot;}\" data-widget_type=\"button.default\">\n\t\t\t\t\t\t\t\t\t\t<a class=\"elementor-button elementor-button-link elementor-size-lg\" href=\"https:\/\/energyear.com\/wp-content\/uploads\/2026\/08\/NOTA-DE-PRENSA-ENERGYEAR-ARGENTINA-2026-3.docx\" target=\"_blank\">\n\t\t\t\t\t\t<span class=\"elementor-button-content-wrapper\">\n\t\t\t\t\t\t\t\t\t<span class=\"elementor-button-text\">Scarica il comunicato stampa in formato Word<\/span>\n\t\t\t\t\t<\/span>\n\t\t\t\t\t<\/a>\n\t\t\t\t\t\t\t\t<\/div>\n\t\t\t\t<\/div>\n\t\t\t\t\t<\/div>\n\t\t\t\t<\/div>\n\t\t<div class=\"elementor-element elementor-element-e64e441 e-flex e-con-boxed e-con e-parent\" data-id=\"e64e441\" data-element_type=\"container\" data-e-type=\"container\" data-settings=\"{&quot;jet_parallax_layout_list&quot;:[]}\">\n\t\t\t\t\t<div class=\"e-con-inner\">\n\t\t\t\t<div class=\"elementor-element elementor-element-5cb97d8 elementor-widget-divider--view-line elementor-widget elementor-widget-divider\" data-id=\"5cb97d8\" data-element_type=\"widget\" data-e-type=\"widget\" data-widget_type=\"divider.default\">\n\t\t\t\t\t\t\t<div class=\"elementor-divider\">\n\t\t\t<span class=\"elementor-divider-separator\">\n\t\t\t\t\t\t<\/span>\n\t\t<\/div>\n\t\t\t\t\t\t<\/div>\n\t\t\t\t<div class=\"elementor-element elementor-element-066c4af elementor-grid-3 elementor-grid-tablet-2 elementor-grid-mobile-1 elementor-posts--thumbnail-top elementor-widget elementor-widget-posts\" data-id=\"066c4af\" data-element_type=\"widget\" data-e-type=\"widget\" data-settings=\"{&quot;classic_columns&quot;:&quot;3&quot;,&quot;classic_columns_tablet&quot;:&quot;2&quot;,&quot;classic_columns_mobile&quot;:&quot;1&quot;,&quot;classic_row_gap&quot;:{&quot;unit&quot;:&quot;px&quot;,&quot;size&quot;:35,&quot;sizes&quot;:[]},&quot;classic_row_gap_tablet&quot;:{&quot;unit&quot;:&quot;px&quot;,&quot;size&quot;:&quot;&quot;,&quot;sizes&quot;:[]},&quot;classic_row_gap_mobile&quot;:{&quot;unit&quot;:&quot;px&quot;,&quot;size&quot;:&quot;&quot;,&quot;sizes&quot;:[]}}\" data-widget_type=\"posts.classic\">\n\t\t\t\t<div class=\"elementor-widget-container\">\n\t\t\t\t\t\t\t<div class=\"elementor-posts-container elementor-posts elementor-posts--skin-classic elementor-grid\" role=\"list\">\n\t\t\t\t<article class=\"elementor-post elementor-grid-item post-88435 post type-post status-publish format-standard has-post-thumbnail hentry category-notas-de-prensa tag-argentina tag-latam\" role=\"listitem\">\n\t\t\t\t<a class=\"elementor-post__thumbnail__link\" href=\"https:\/\/energyear.com\/it\/notas-de-prensa\/principales-actores-sector-energetico-reunen-futuro-renovable-argentina\/\" tabindex=\"-1\" >\n\t\t\t<div class=\"elementor-post__thumbnail\"><img loading=\"lazy\" decoding=\"async\" width=\"300\" height=\"200\" src=\"https:\/\/energyear.com\/wp-content\/uploads\/2026\/08\/Principales-actores-del-sector-energetico-se-reunen-para-debatir-el-futuro-renovable-de-Argentina-300x200.jpg\" class=\"attachment-medium size-medium wp-image-88436\" alt=\"I principali attori del settore energetico si riuniscono per discutere del futuro delle energie rinnovabili in Argentina\" srcset=\"https:\/\/energyear.com\/wp-content\/uploads\/2026\/08\/Principales-actores-del-sector-energetico-se-reunen-para-debatir-el-futuro-renovable-de-Argentina-300x200.jpg 300w, https:\/\/energyear.com\/wp-content\/uploads\/2026\/08\/Principales-actores-del-sector-energetico-se-reunen-para-debatir-el-futuro-renovable-de-Argentina-1024x684.jpg 1024w, https:\/\/energyear.com\/wp-content\/uploads\/2026\/08\/Principales-actores-del-sector-energetico-se-reunen-para-debatir-el-futuro-renovable-de-Argentina-768x513.jpg 768w, https:\/\/energyear.com\/wp-content\/uploads\/2026\/08\/Principales-actores-del-sector-energetico-se-reunen-para-debatir-el-futuro-renovable-de-Argentina-1536x1025.jpg 1536w, https:\/\/energyear.com\/wp-content\/uploads\/2026\/08\/Principales-actores-del-sector-energetico-se-reunen-para-debatir-el-futuro-renovable-de-Argentina-600x400.jpg 600w, https:\/\/energyear.com\/wp-content\/uploads\/2026\/08\/Principales-actores-del-sector-energetico-se-reunen-para-debatir-el-futuro-renovable-de-Argentina-66x43.jpg 66w, https:\/\/energyear.com\/wp-content\/uploads\/2026\/08\/Principales-actores-del-sector-energetico-se-reunen-para-debatir-el-futuro-renovable-de-Argentina.jpg 2048w\" sizes=\"auto, (max-width: 300px) 100vw, 300px\" \/><\/div>\n\t\t<\/a>\n\t\t\t\t<div class=\"elementor-post__text\">\n\t\t\t\t<h3 class=\"elementor-post__title\">\n\t\t\t<a href=\"https:\/\/energyear.com\/it\/notas-de-prensa\/principales-actores-sector-energetico-reunen-futuro-renovable-argentina\/\" >\n\t\t\t\tI principali attori del settore energetico si riuniscono per discutere del futuro delle energie rinnovabili in Argentina\t\t\t<\/a>\n\t\t<\/h3>\n\t\t\t\t<div class=\"elementor-post__meta-data\">\n\t\t\t\t\t<span class=\"elementor-post-author\">\n\t\t\tENERGYEAR\t\t<\/span>\n\t\t\t\t<span class=\"elementor-post-date\">\n\t\t\t31\/08\/2026\t\t<\/span>\n\t\t\t\t<\/div>\n\t\t\n\t\t<a class=\"elementor-post__read-more\" href=\"https:\/\/energyear.com\/it\/notas-de-prensa\/principales-actores-sector-energetico-reunen-futuro-renovable-argentina\/\" aria-label=\"Leggi tutto Principales actores del sector energ\u00e9tico se re\u00fanen para debatir el futuro renovable de Argentina\" tabindex=\"-1\" >\n\t\t\tLeggi di pi\u00f9\t\t<\/a>\n\n\t\t\t\t<\/div>\n\t\t\t\t<\/article>\n\t\t\t\t<article class=\"elementor-post elementor-grid-item post-88138 post type-post status-publish format-standard has-post-thumbnail hentry category-notas-de-prensa tag-europa tag-italia\" role=\"listitem\">\n\t\t\t\t<a class=\"elementor-post__thumbnail__link\" href=\"https:\/\/energyear.com\/it\/notas-de-prensa\/milan-reunira-1200-profesionales-transicion-energetica-italia-2026\/\" tabindex=\"-1\" >\n\t\t\t<div class=\"elementor-post__thumbnail\"><img loading=\"lazy\" decoding=\"async\" width=\"300\" height=\"200\" src=\"https:\/\/energyear.com\/wp-content\/uploads\/2026\/08\/PS82518-300x200.jpg\" class=\"attachment-medium size-medium wp-image-88139\" alt=\"Milano riunir\u00e0 oltre 1.200 professionisti per analizzare le sfide della transizione energetica e delle energie rinnovabili in Italia\" srcset=\"https:\/\/energyear.com\/wp-content\/uploads\/2026\/08\/PS82518-300x200.jpg 300w, https:\/\/energyear.com\/wp-content\/uploads\/2026\/08\/PS82518-1024x683.jpg 1024w, https:\/\/energyear.com\/wp-content\/uploads\/2026\/08\/PS82518-768x512.jpg 768w, https:\/\/energyear.com\/wp-content\/uploads\/2026\/08\/PS82518-1536x1024.jpg 1536w, https:\/\/energyear.com\/wp-content\/uploads\/2026\/08\/PS82518-2048x1366.jpg 2048w, https:\/\/energyear.com\/wp-content\/uploads\/2026\/08\/PS82518-600x400.jpg 600w, https:\/\/energyear.com\/wp-content\/uploads\/2026\/08\/PS82518-66x43.jpg 66w\" sizes=\"auto, (max-width: 300px) 100vw, 300px\" \/><\/div>\n\t\t<\/a>\n\t\t\t\t<div class=\"elementor-post__text\">\n\t\t\t\t<h3 class=\"elementor-post__title\">\n\t\t\t<a href=\"https:\/\/energyear.com\/it\/notas-de-prensa\/milan-reunira-1200-profesionales-transicion-energetica-italia-2026\/\" >\n\t\t\t\tMilano riunir\u00e0 oltre 1.200 professionisti per analizzare le sfide della transizione energetica e delle energie rinnovabili in Italia\t\t\t<\/a>\n\t\t<\/h3>\n\t\t\t\t<div class=\"elementor-post__meta-data\">\n\t\t\t\t\t<span class=\"elementor-post-author\">\n\t\t\tEnergyear SL\t\t<\/span>\n\t\t\t\t<span class=\"elementor-post-date\">\n\t\t\t25\/08\/2026\t\t<\/span>\n\t\t\t\t<\/div>\n\t\t\n\t\t<a class=\"elementor-post__read-more\" href=\"https:\/\/energyear.com\/it\/notas-de-prensa\/milan-reunira-1200-profesionales-transicion-energetica-italia-2026\/\" aria-label=\"Milano riunir\u00e0 oltre 1.200 professionisti per analizzare le sfide della transizione energetica e delle energie rinnovabili in Italia\" tabindex=\"-1\" >\n\t\t\tLeggi di pi\u00f9\t\t<\/a>\n\n\t\t\t\t<\/div>\n\t\t\t\t<\/article>\n\t\t\t\t<\/div>\n\t\t\n\t\t\t\t\t\t<\/div>\n\t\t\t\t<\/div>\n\t\t\t\t\t<\/div>\n\t\t\t\t<\/div>\n\t\t\t\t<\/div>","protected":false},"excerpt":{"rendered":"<p>Buenos Aires, 1 de septiembre de 2026. Argentina afronta una etapa clave para la evoluci\u00f3n de su sistema energ\u00e9tico. Energyear Argentina reunir\u00e1 a diferentes representantes del sector en Buenos Aires.<\/p>","protected":false},"author":2,"featured_media":88436,"comment_status":"closed","ping_status":"open","sticky":false,"template":"elementor_header_footer","format":"standard","meta":{"_acf_changed":false,"content-type":"","footnotes":""},"categories":[229],"tags":[245,246],"class_list":["post-88435","post","type-post","status-publish","format-standard","has-post-thumbnail","hentry","category-notas-de-prensa","tag-argentina","tag-latam"],"acf":[],"yoast_head":"<!-- This site is optimized with the Yoast SEO plugin v28.3 - https:\/\/yoast.com\/product\/yoast-seo-wordpress\/ -->\n<title>NdP - El sector energ\u00e9tico se re\u00fanen para debatir el futuro de Argentina - Energyear<\/title>\n<meta name=\"description\" content=\"Energyear Argentina reunir\u00e1 a los principales actores del sector para debatir sobre el futuro renovable, AlmaSADI, almacenamiento, mercado y redes el\u00e9ctricas.\" \/>\n<meta name=\"robots\" content=\"index, follow, max-snippet:-1, max-image-preview:large, max-video-preview:-1\" \/>\n<link rel=\"canonical\" href=\"https:\/\/energyear.com\/it\/notas-de-prensa\/principales-actores-sector-energetico-reunen-futuro-renovable-argentina\/\" \/>\n<meta property=\"og:locale\" content=\"it_IT\" \/>\n<meta property=\"og:type\" content=\"article\" \/>\n<meta property=\"og:title\" content=\"NdP - El sector energ\u00e9tico se re\u00fanen para debatir el futuro de Argentina - Energyear\" \/>\n<meta property=\"og:description\" content=\"Energyear Argentina reunir\u00e1 a los principales actores del sector para debatir sobre el futuro renovable, AlmaSADI, almacenamiento, mercado y redes el\u00e9ctricas.\" \/>\n<meta property=\"og:url\" content=\"https:\/\/energyear.com\/it\/notas-de-prensa\/principales-actores-sector-energetico-reunen-futuro-renovable-argentina\/\" \/>\n<meta property=\"og:site_name\" content=\"Energyear\" \/>\n<meta property=\"article:published_time\" content=\"2026-08-31T10:03:16+00:00\" \/>\n<meta property=\"article:modified_time\" content=\"2026-08-31T16:23:15+00:00\" \/>\n<meta property=\"og:image\" content=\"https:\/\/energyear.com\/wp-content\/uploads\/2026\/08\/Principales-actores-del-sector-energetico-se-reunen-para-debatir-el-futuro-renovable-de-Argentina.jpg\" \/>\n\t<meta property=\"og:image:width\" content=\"2048\" \/>\n\t<meta property=\"og:image:height\" content=\"1367\" \/>\n\t<meta property=\"og:image:type\" content=\"image\/jpeg\" \/>\n<meta name=\"author\" content=\"Energyear\" \/>\n<meta name=\"twitter:card\" content=\"summary_large_image\" \/>\n<meta name=\"twitter:label1\" content=\"Scritto da\" \/>\n\t<meta name=\"twitter:data1\" content=\"Energyear\" \/>\n\t<meta name=\"twitter:label2\" content=\"Tempo di lettura stimato\" \/>\n\t<meta name=\"twitter:data2\" content=\"3 minuti\" \/>\n<script type=\"application\/ld+json\" class=\"yoast-schema-graph\">{\"@context\":\"https:\\\/\\\/schema.org\",\"@graph\":[{\"@type\":\"Article\",\"@id\":\"https:\\\/\\\/energyear.com\\\/notas-de-prensa\\\/principales-actores-sector-energetico-reunen-futuro-renovable-argentina\\\/#article\",\"isPartOf\":{\"@id\":\"https:\\\/\\\/energyear.com\\\/notas-de-prensa\\\/principales-actores-sector-energetico-reunen-futuro-renovable-argentina\\\/\"},\"author\":{\"name\":\"Energyear\",\"@id\":\"https:\\\/\\\/energyear.com\\\/es\\\/#\\\/schema\\\/person\\\/24dc3506187d0e2118923856605cc913\"},\"headline\":\"Principales actores del sector energ\u00e9tico se re\u00fanen para debatir el futuro renovable de Argentina\",\"datePublished\":\"2026-08-31T10:03:16+00:00\",\"dateModified\":\"2026-08-31T16:23:15+00:00\",\"mainEntityOfPage\":{\"@id\":\"https:\\\/\\\/energyear.com\\\/notas-de-prensa\\\/principales-actores-sector-energetico-reunen-futuro-renovable-argentina\\\/\"},\"wordCount\":594,\"publisher\":{\"@id\":\"https:\\\/\\\/energyear.com\\\/es\\\/#organization\"},\"image\":{\"@id\":\"https:\\\/\\\/energyear.com\\\/notas-de-prensa\\\/principales-actores-sector-energetico-reunen-futuro-renovable-argentina\\\/#primaryimage\"},\"thumbnailUrl\":\"https:\\\/\\\/energyear.com\\\/wp-content\\\/uploads\\\/2026\\\/08\\\/Principales-actores-del-sector-energetico-se-reunen-para-debatir-el-futuro-renovable-de-Argentina.jpg\",\"keywords\":[\"Argentina\",\"Latam\"],\"articleSection\":[\"Notas de prensa\"],\"inLanguage\":\"it-IT\"},{\"@type\":\"WebPage\",\"@id\":\"https:\\\/\\\/energyear.com\\\/notas-de-prensa\\\/principales-actores-sector-energetico-reunen-futuro-renovable-argentina\\\/\",\"url\":\"https:\\\/\\\/energyear.com\\\/notas-de-prensa\\\/principales-actores-sector-energetico-reunen-futuro-renovable-argentina\\\/\",\"name\":\"NdP - El sector energ\u00e9tico se re\u00fanen para debatir el futuro de Argentina - Energyear\",\"isPartOf\":{\"@id\":\"https:\\\/\\\/energyear.com\\\/es\\\/#website\"},\"primaryImageOfPage\":{\"@id\":\"https:\\\/\\\/energyear.com\\\/notas-de-prensa\\\/principales-actores-sector-energetico-reunen-futuro-renovable-argentina\\\/#primaryimage\"},\"image\":{\"@id\":\"https:\\\/\\\/energyear.com\\\/notas-de-prensa\\\/principales-actores-sector-energetico-reunen-futuro-renovable-argentina\\\/#primaryimage\"},\"thumbnailUrl\":\"https:\\\/\\\/energyear.com\\\/wp-content\\\/uploads\\\/2026\\\/08\\\/Principales-actores-del-sector-energetico-se-reunen-para-debatir-el-futuro-renovable-de-Argentina.jpg\",\"datePublished\":\"2026-08-31T10:03:16+00:00\",\"dateModified\":\"2026-08-31T16:23:15+00:00\",\"description\":\"Energyear Argentina reunir\u00e1 a los principales actores del sector para debatir sobre el futuro renovable, AlmaSADI, almacenamiento, mercado y redes el\u00e9ctricas.\",\"breadcrumb\":{\"@id\":\"https:\\\/\\\/energyear.com\\\/notas-de-prensa\\\/principales-actores-sector-energetico-reunen-futuro-renovable-argentina\\\/#breadcrumb\"},\"inLanguage\":\"it-IT\",\"potentialAction\":[{\"@type\":\"ReadAction\",\"target\":[\"https:\\\/\\\/energyear.com\\\/notas-de-prensa\\\/principales-actores-sector-energetico-reunen-futuro-renovable-argentina\\\/\"]}]},{\"@type\":\"ImageObject\",\"inLanguage\":\"it-IT\",\"@id\":\"https:\\\/\\\/energyear.com\\\/notas-de-prensa\\\/principales-actores-sector-energetico-reunen-futuro-renovable-argentina\\\/#primaryimage\",\"url\":\"https:\\\/\\\/energyear.com\\\/wp-content\\\/uploads\\\/2026\\\/08\\\/Principales-actores-del-sector-energetico-se-reunen-para-debatir-el-futuro-renovable-de-Argentina.jpg\",\"contentUrl\":\"https:\\\/\\\/energyear.com\\\/wp-content\\\/uploads\\\/2026\\\/08\\\/Principales-actores-del-sector-energetico-se-reunen-para-debatir-el-futuro-renovable-de-Argentina.jpg\",\"width\":2048,\"height\":1367,\"caption\":\"Principales actores del sector energ\u00e9tico se re\u00fanen para debatir el futuro renovable de Argentina\"},{\"@type\":\"BreadcrumbList\",\"@id\":\"https:\\\/\\\/energyear.com\\\/notas-de-prensa\\\/principales-actores-sector-energetico-reunen-futuro-renovable-argentina\\\/#breadcrumb\",\"itemListElement\":[{\"@type\":\"ListItem\",\"position\":1,\"name\":\"Portada\",\"item\":\"https:\\\/\\\/energyear.com\\\/\"},{\"@type\":\"ListItem\",\"position\":2,\"name\":\"Principales actores del sector energ\u00e9tico se re\u00fanen para debatir el futuro renovable de Argentina\"}]},{\"@type\":\"WebSite\",\"@id\":\"https:\\\/\\\/energyear.com\\\/es\\\/#website\",\"url\":\"https:\\\/\\\/energyear.com\\\/es\\\/\",\"name\":\"Energyear\",\"description\":\"Eventos de Energ\u00edas Renovables y Movilidad\",\"publisher\":{\"@id\":\"https:\\\/\\\/energyear.com\\\/es\\\/#organization\"},\"potentialAction\":[{\"@type\":\"SearchAction\",\"target\":{\"@type\":\"EntryPoint\",\"urlTemplate\":\"https:\\\/\\\/energyear.com\\\/es\\\/?s={search_term_string}\"},\"query-input\":{\"@type\":\"PropertyValueSpecification\",\"valueRequired\":true,\"valueName\":\"search_term_string\"}}],\"inLanguage\":\"it-IT\"},{\"@type\":\"Organization\",\"@id\":\"https:\\\/\\\/energyear.com\\\/es\\\/#organization\",\"name\":\"Energyear\",\"url\":\"https:\\\/\\\/energyear.com\\\/es\\\/\",\"logo\":{\"@type\":\"ImageObject\",\"inLanguage\":\"it-IT\",\"@id\":\"https:\\\/\\\/energyear.com\\\/es\\\/#\\\/schema\\\/logo\\\/image\\\/\",\"url\":\"https:\\\/\\\/energyear.com\\\/wp-content\\\/uploads\\\/2022\\\/01\\\/logo_energyear_f.svg\",\"contentUrl\":\"https:\\\/\\\/energyear.com\\\/wp-content\\\/uploads\\\/2022\\\/01\\\/logo_energyear_f.svg\",\"width\":100,\"height\":100,\"caption\":\"Energyear\"},\"image\":{\"@id\":\"https:\\\/\\\/energyear.com\\\/es\\\/#\\\/schema\\\/logo\\\/image\\\/\"}},{\"@type\":\"Person\",\"@id\":\"https:\\\/\\\/energyear.com\\\/es\\\/#\\\/schema\\\/person\\\/24dc3506187d0e2118923856605cc913\",\"name\":\"Energyear\",\"image\":{\"@type\":\"ImageObject\",\"inLanguage\":\"it-IT\",\"@id\":\"https:\\\/\\\/energyear.com\\\/wp-content\\\/litespeed\\\/avatar\\\/14825a6f27f140f1b16c1f5565f23b59.jpg?ver=1788181111\",\"url\":\"https:\\\/\\\/energyear.com\\\/wp-content\\\/litespeed\\\/avatar\\\/14825a6f27f140f1b16c1f5565f23b59.jpg?ver=1788181111\",\"contentUrl\":\"https:\\\/\\\/energyear.com\\\/wp-content\\\/litespeed\\\/avatar\\\/14825a6f27f140f1b16c1f5565f23b59.jpg?ver=1788181111\",\"caption\":\"Energyear\"},\"url\":\"https:\\\/\\\/energyear.com\\\/it\\\/author\\\/energyear\\\/\"}]}<\/script>\n<!-- \/ Yoast SEO plugin. -->","yoast_head_json":{"title":"NdP - El sector energ\u00e9tico se re\u00fanen para debatir el futuro de Argentina - Energyear","description":"Energyear Argentina reunir\u00e1 a los principales actores del sector para debatir sobre el futuro renovable, AlmaSADI, almacenamiento, mercado y redes el\u00e9ctricas.","robots":{"index":"index","follow":"follow","max-snippet":"max-snippet:-1","max-image-preview":"max-image-preview:large","max-video-preview":"max-video-preview:-1"},"canonical":"https:\/\/energyear.com\/it\/notas-de-prensa\/principales-actores-sector-energetico-reunen-futuro-renovable-argentina\/","og_locale":"it_IT","og_type":"article","og_title":"NdP - El sector energ\u00e9tico se re\u00fanen para debatir el futuro de Argentina - Energyear","og_description":"Energyear Argentina reunir\u00e1 a los principales actores del sector para debatir sobre el futuro renovable, AlmaSADI, almacenamiento, mercado y redes el\u00e9ctricas.","og_url":"https:\/\/energyear.com\/it\/notas-de-prensa\/principales-actores-sector-energetico-reunen-futuro-renovable-argentina\/","og_site_name":"Energyear","article_published_time":"2026-08-31T10:03:16+00:00","article_modified_time":"2026-08-31T16:23:15+00:00","og_image":[{"width":2048,"height":1367,"url":"https:\/\/energyear.com\/wp-content\/uploads\/2026\/08\/Principales-actores-del-sector-energetico-se-reunen-para-debatir-el-futuro-renovable-de-Argentina.jpg","type":"image\/jpeg"}],"author":"Energyear","twitter_card":"summary_large_image","twitter_misc":{"Scritto da":"Energyear","Tempo di lettura stimato":"3 minuti"},"schema":{"@context":"https:\/\/schema.org","@graph":[{"@type":"Article","@id":"https:\/\/energyear.com\/notas-de-prensa\/principales-actores-sector-energetico-reunen-futuro-renovable-argentina\/#article","isPartOf":{"@id":"https:\/\/energyear.com\/notas-de-prensa\/principales-actores-sector-energetico-reunen-futuro-renovable-argentina\/"},"author":{"name":"Energyear","@id":"https:\/\/energyear.com\/es\/#\/schema\/person\/24dc3506187d0e2118923856605cc913"},"headline":"Principales actores del sector energ\u00e9tico se re\u00fanen para debatir el futuro renovable de Argentina","datePublished":"2026-08-31T10:03:16+00:00","dateModified":"2026-08-31T16:23:15+00:00","mainEntityOfPage":{"@id":"https:\/\/energyear.com\/notas-de-prensa\/principales-actores-sector-energetico-reunen-futuro-renovable-argentina\/"},"wordCount":594,"publisher":{"@id":"https:\/\/energyear.com\/es\/#organization"},"image":{"@id":"https:\/\/energyear.com\/notas-de-prensa\/principales-actores-sector-energetico-reunen-futuro-renovable-argentina\/#primaryimage"},"thumbnailUrl":"https:\/\/energyear.com\/wp-content\/uploads\/2026\/08\/Principales-actores-del-sector-energetico-se-reunen-para-debatir-el-futuro-renovable-de-Argentina.jpg","keywords":["Argentina","Latam"],"articleSection":["Notas de prensa"],"inLanguage":"it-IT"},{"@type":"WebPage","@id":"https:\/\/energyear.com\/notas-de-prensa\/principales-actores-sector-energetico-reunen-futuro-renovable-argentina\/","url":"https:\/\/energyear.com\/notas-de-prensa\/principales-actores-sector-energetico-reunen-futuro-renovable-argentina\/","name":"NdP - El sector energ\u00e9tico se re\u00fanen para debatir el futuro de Argentina - Energyear","isPartOf":{"@id":"https:\/\/energyear.com\/es\/#website"},"primaryImageOfPage":{"@id":"https:\/\/energyear.com\/notas-de-prensa\/principales-actores-sector-energetico-reunen-futuro-renovable-argentina\/#primaryimage"},"image":{"@id":"https:\/\/energyear.com\/notas-de-prensa\/principales-actores-sector-energetico-reunen-futuro-renovable-argentina\/#primaryimage"},"thumbnailUrl":"https:\/\/energyear.com\/wp-content\/uploads\/2026\/08\/Principales-actores-del-sector-energetico-se-reunen-para-debatir-el-futuro-renovable-de-Argentina.jpg","datePublished":"2026-08-31T10:03:16+00:00","dateModified":"2026-08-31T16:23:15+00:00","description":"Energyear Argentina reunir\u00e1 a los principales actores del sector para debatir sobre el futuro renovable, AlmaSADI, almacenamiento, mercado y redes el\u00e9ctricas.","breadcrumb":{"@id":"https:\/\/energyear.com\/notas-de-prensa\/principales-actores-sector-energetico-reunen-futuro-renovable-argentina\/#breadcrumb"},"inLanguage":"it-IT","potentialAction":[{"@type":"ReadAction","target":["https:\/\/energyear.com\/notas-de-prensa\/principales-actores-sector-energetico-reunen-futuro-renovable-argentina\/"]}]},{"@type":"ImageObject","inLanguage":"it-IT","@id":"https:\/\/energyear.com\/notas-de-prensa\/principales-actores-sector-energetico-reunen-futuro-renovable-argentina\/#primaryimage","url":"https:\/\/energyear.com\/wp-content\/uploads\/2026\/08\/Principales-actores-del-sector-energetico-se-reunen-para-debatir-el-futuro-renovable-de-Argentina.jpg","contentUrl":"https:\/\/energyear.com\/wp-content\/uploads\/2026\/08\/Principales-actores-del-sector-energetico-se-reunen-para-debatir-el-futuro-renovable-de-Argentina.jpg","width":2048,"height":1367,"caption":"Principales actores del sector energ\u00e9tico se re\u00fanen para debatir el futuro renovable de Argentina"},{"@type":"BreadcrumbList","@id":"https:\/\/energyear.com\/notas-de-prensa\/principales-actores-sector-energetico-reunen-futuro-renovable-argentina\/#breadcrumb","itemListElement":[{"@type":"ListItem","position":1,"name":"Portada","item":"https:\/\/energyear.com\/"},{"@type":"ListItem","position":2,"name":"Principales actores del sector energ\u00e9tico se re\u00fanen para debatir el futuro renovable de Argentina"}]},{"@type":"WebSite","@id":"https:\/\/energyear.com\/es\/#website","url":"https:\/\/energyear.com\/es\/","name":"ENERGYEAR","description":"Eventos de Energ\u00edas Renovables y Movilidad","publisher":{"@id":"https:\/\/energyear.com\/es\/#organization"},"potentialAction":[{"@type":"SearchAction","target":{"@type":"EntryPoint","urlTemplate":"https:\/\/energyear.com\/es\/?s={search_term_string}"},"query-input":{"@type":"PropertyValueSpecification","valueRequired":true,"valueName":"search_term_string"}}],"inLanguage":"it-IT"},{"@type":"Organization","@id":"https:\/\/energyear.com\/es\/#organization","name":"ENERGYEAR","url":"https:\/\/energyear.com\/es\/","logo":{"@type":"ImageObject","inLanguage":"it-IT","@id":"https:\/\/energyear.com\/es\/#\/schema\/logo\/image\/","url":"https:\/\/energyear.com\/wp-content\/uploads\/2022\/01\/logo_energyear_f.svg","contentUrl":"https:\/\/energyear.com\/wp-content\/uploads\/2022\/01\/logo_energyear_f.svg","width":100,"height":100,"caption":"Energyear"},"image":{"@id":"https:\/\/energyear.com\/es\/#\/schema\/logo\/image\/"}},{"@type":"Person","@id":"https:\/\/energyear.com\/es\/#\/schema\/person\/24dc3506187d0e2118923856605cc913","name":"ENERGYEAR","image":{"@type":"ImageObject","inLanguage":"it-IT","@id":"https:\/\/energyear.com\/wp-content\/litespeed\/avatar\/14825a6f27f140f1b16c1f5565f23b59.jpg?ver=1788181111","url":"https:\/\/energyear.com\/wp-content\/litespeed\/avatar\/14825a6f27f140f1b16c1f5565f23b59.jpg?ver=1788181111","contentUrl":"https:\/\/energyear.com\/wp-content\/litespeed\/avatar\/14825a6f27f140f1b16c1f5565f23b59.jpg?ver=1788181111","caption":"Energyear"},"url":"https:\/\/energyear.com\/it\/author\/energyear\/"}]}},"_links":{"self":[{"href":"https:\/\/energyear.com\/it\/wp-json\/wp\/v2\/posts\/88435","targetHints":{"allow":["GET"]}}],"collection":[{"href":"https:\/\/energyear.com\/it\/wp-json\/wp\/v2\/posts"}],"about":[{"href":"https:\/\/energyear.com\/it\/wp-json\/wp\/v2\/types\/post"}],"author":[{"embeddable":true,"href":"https:\/\/energyear.com\/it\/wp-json\/wp\/v2\/users\/2"}],"replies":[{"embeddable":true,"href":"https:\/\/energyear.com\/it\/wp-json\/wp\/v2\/comments?post=88435"}],"version-history":[{"count":5,"href":"https:\/\/energyear.com\/it\/wp-json\/wp\/v2\/posts\/88435\/revisions"}],"predecessor-version":[{"id":88478,"href":"https:\/\/energyear.com\/it\/wp-json\/wp\/v2\/posts\/88435\/revisions\/88478"}],"wp:featuredmedia":[{"embeddable":true,"href":"https:\/\/energyear.com\/it\/wp-json\/wp\/v2\/media\/88436"}],"wp:attachment":[{"href":"https:\/\/energyear.com\/it\/wp-json\/wp\/v2\/media?parent=88435"}],"wp:term":[{"taxonomy":"category","embeddable":true,"href":"https:\/\/energyear.com\/it\/wp-json\/wp\/v2\/categories?post=88435"},{"taxonomy":"post_tag","embeddable":true,"href":"https:\/\/energyear.com\/it\/wp-json\/wp\/v2\/tags?post=88435"}],"curies":[{"name":"wp","href":"https:\/\/api.w.org\/{rel}","templated":true}]}}