{"id":88138,"date":"2026-08-25T13:12:39","date_gmt":"2026-08-25T11:12:39","guid":{"rendered":"https:\/\/energyear.com\/?p=88138"},"modified":"2026-08-31T18:23:00","modified_gmt":"2026-08-31T16:23:00","slug":"milan-reunira-1200-profesionales-transicion-energetica-italia-2026","status":"publish","type":"post","link":"https:\/\/energyear.com\/it\/notas-de-prensa\/milan-reunira-1200-profesionales-transicion-energetica-italia-2026\/","title":{"rendered":"Milano riunir\u00e0 oltre 1.200 professionisti per analizzare le sfide della transizione energetica e delle energie rinnovabili in Italia"},"content":{"rendered":"<div data-elementor-type=\"wp-post\" data-elementor-id=\"88138\" class=\"elementor elementor-88138\" data-elementor-post-type=\"post\">\n\t\t\t\t<div class=\"elementor-element elementor-element-cd7ed7e e-flex e-con-boxed e-con e-parent\" data-id=\"cd7ed7e\" data-element_type=\"container\" data-e-type=\"container\" data-settings=\"{&quot;jet_parallax_layout_list&quot;:[]}\">\n\t\t\t\t\t<div class=\"e-con-inner\">\n\t\t<div class=\"elementor-element elementor-element-5022b9f e-con-full e-flex e-con e-child\" data-id=\"5022b9f\" data-element_type=\"container\" data-e-type=\"container\" data-settings=\"{&quot;jet_parallax_layout_list&quot;:[]}\">\n\t\t\t\t<div class=\"elementor-element elementor-element-80b0ca4 elementor-widget elementor-widget-image\" data-id=\"80b0ca4\" data-element_type=\"widget\" data-e-type=\"widget\" data-widget_type=\"image.default\">\n\t\t\t\t\t\t\t\t\t\t\t\t\t\t\t<img loading=\"lazy\" decoding=\"async\" width=\"1024\" height=\"683\" src=\"https:\/\/energyear.com\/wp-content\/uploads\/2026\/08\/PS82518-1024x683.jpg\" class=\"attachment-large size-large wp-image-88139\" alt=\"Milano riunir\u00e0 oltre 1.200 professionisti per analizzare le sfide della transizione energetica e delle energie rinnovabili in Italia\" srcset=\"\" sizes=\"auto, (max-width: 1024px) 100vw, 1024px\" data-srcset=\"\" \/>\t\t\t\t\t\t\t\t\t\t\t\t\t\t\t<\/div>\n\t\t\t\t<div class=\"elementor-element elementor-element-a80ec7d elementor-widget elementor-widget-heading\" data-id=\"a80ec7d\" data-element_type=\"widget\" data-e-type=\"widget\" data-widget_type=\"heading.default\">\n\t\t\t\t\t<h1 class=\"elementor-heading-title elementor-size-default\">Milano riunir\u00e0 oltre 1.200 professionisti per analizzare le sfide della transizione energetica e delle energie rinnovabili in Italia<\/h1>\t\t\t\t<\/div>\n\t\t\t\t<div class=\"elementor-element elementor-element-ebe8bf9 elementor-widget elementor-widget-text-editor\" data-id=\"ebe8bf9\" data-element_type=\"widget\" data-e-type=\"widget\" data-widget_type=\"text-editor.default\">\n\t\t\t\t\t\t\t\t\t<p><strong>Madrid, 21 luglio.<\/strong> Energyear Italia 2026 terr\u00e0 la sua sesta edizione il 13, 14 e 15 ottobre presso l\u2019UNAHOTELS Expo Fiera Milano, affermandosi come uno dei principali punti di incontro del settore delle energie rinnovabili in Italia. L\u2019evento riunir\u00e0 oltre 1.200 professionisti, pi\u00f9 di 100 partner, oltre 120 relatori e pi\u00f9 di 20 tavole rotonde specializzate.<\/p><p>La principale novit\u00e0 di questa edizione sar\u00e0 l\u2019estensione del congresso a tre giorni, un\u2019evoluzione che risponde alla crescita dell\u2019evento e alla crescente domanda del settore energetico italiano. Questa estensione consentir\u00e0 un programma pi\u00f9 ampio e articolato, oltre a un significativo potenziamento degli spazi e delle dinamiche di networking, uno dei pilastri fondamentali del congresso.<\/p><p><a href=\"https:\/\/energyear.com\/it\/italia\/\"><span style=\"text-decoration: underline;\"><span style=\"color: #3366ff; text-decoration: underline;\"><span style=\"color: #000080; text-decoration: underline;\">Energyear Italia<\/span><\/span><\/span><\/a> rafforzer\u00e0 cos\u00ec il proprio ruolo di piattaforma commerciale e di collegamento tra aziende, investitori e attori chiave dell'ecosistema energetico della regione, in un momento caratterizzato dall'accelerazione della transizione energetica in Italia.<\/p><h2><strong>Il networking come elemento strategico dell'evento<\/strong><\/h2><p>Energyear Italia 2026 rafforzer\u00e0 la propria proposta di valore ponendo il networking professionale al centro dell\u2019esperienza, grazie a una combinazione di spazi fisici e strumenti digitali pensati per facilitare contatti di alto valore, promuovere nuove opportunit\u00e0 di business e favorire l\u2019interazione tra i principali attori del settore.<\/p><p>La gestione degli incontri sar\u00e0 uno dei pilastri fondamentali dell\u2019evento. Tramite l\u2019app ufficiale, i partecipanti potranno accedere all\u2019elenco dei partecipanti, richiedere incontri B2B e organizzare la propria agenda in modo agile. Inoltre, l\u2019organizzazione metter\u00e0 a disposizione un\u2019area esclusiva dedicata al networking con tavoli numerati per incontri di 20 minuti, assegnati automaticamente dallo strumento una volta confermato ciascun incontro.<\/p><p>L'esperienza sar\u00e0 completata da spazi permanenti dedicati al networking, workshop, pranzi, sale private, cocktail e una cena VIP per gli sponsor, creando un ambiente di alto livello pensato per favorire i contatti, condividere conoscenze e instaurare relazioni strategiche in un formato agile, efficiente e orientato ai risultati.<\/p><h2><strong>Tre giorni di incontri incentrati sul futuro del settore<\/strong><\/h2><p>Il programma di Energyear Italia 2026 sar\u00e0 articolato in tre grandi blocchi tematici distribuiti nei tre giorni dell'evento.<\/p><p>La prima giornata sar\u00e0 dedicata allo sviluppo di progetti nel settore delle energie rinnovabili in Italia, affrontando tematiche quali le procedure autorizzative, l\u2019accesso alla rete, la realizzazione di progetti solari su larga scala, la bancabilit\u00e0 e la competitivit\u00e0 tecnologica. Verranno inoltre analizzate nuove soluzioni quali l\u2019agrivoltaico e l\u2019ottimizzazione della progettazione.<\/p><p>Il secondo giorno sar\u00e0 dedicato allo stoccaggio di energia (BESS), con sessioni incentrate sull\u2019evoluzione del mercato italiano delle batterie, sui modelli di business, sull\u2019integrazione in rete, sull\u2019ibridazione con il solare, sulle strategie di monetizzazione e sulla bancabilit\u00e0 dei progetti di stoccaggio.<\/p><p>Il terzo giorno sar\u00e0 dedicato alla domanda energetica e ai nuovi consumatori, con particolare attenzione al ruolo dei data center, dell\u2019industria e dei grandi consumatori di energia elettrica. Si parler\u00e0 inoltre di strategie di approvvigionamento tramite PPA, gestione energetica \u201cbehind-the-meter\u201d, digitalizzazione e utilizzo dell\u2019intelligenza artificiale per l\u2019ottimizzazione dei consumi.<\/p><h2><strong>L'Italia come mercato energetico in trasformazione<\/strong><\/h2><p>L'evento si svolger\u00e0 in un contesto di profonda trasformazione del sistema energetico italiano, caratterizzato dalla crescita sostenuta delle energie rinnovabili e dall'aumento della domanda di energia elettrica. Secondo <span style=\"text-decoration: underline;\"><span style=\"color: #3366ff;\"><a style=\"color: #3366ff; text-decoration: underline;\" href=\"https:\/\/www.review-energy.com\/otras-fuentes\/renewables-grow-278-in-italy-in-february-driven-by-wind\"><span style=\"color: #000080; text-decoration: underline;\">dati recenti di Terna<\/span><\/a><\/span><\/span>, la produzione di energia da fonti rinnovabili in Italia ha registrato una crescita del 27,8% nel febbraio 2026, trainata principalmente dall'energia eolica, che si afferma come la principale fonte di produzione energetica del Paese.<\/p><p>Questo scenario colloca l\u2019Italia tra i mercati pi\u00f9 dinamici dell\u2019Europa meridionale, ma pone anche alcune sfide strutturali legate alla congestione della rete, ai tempi di elaborazione delle pratiche e alla necessit\u00e0 di nuovi investimenti nelle infrastrutture elettriche.<\/p>\t\t\t\t\t\t\t\t<\/div>\n\t\t\t\t<\/div>\n\t\t\t\t\t<\/div>\n\t\t\t\t<\/div>\n\t\t<div class=\"elementor-element elementor-element-dcc7883 e-flex e-con-boxed e-con e-parent\" data-id=\"dcc7883\" data-element_type=\"container\" data-e-type=\"container\" data-settings=\"{&quot;jet_parallax_layout_list&quot;:[]}\">\n\t\t\t\t\t<div class=\"e-con-inner\">\n\t\t<div class=\"elementor-element elementor-element-363610a e-con-full e-flex e-con e-child\" data-id=\"363610a\" data-element_type=\"container\" data-e-type=\"container\" data-settings=\"{&quot;jet_parallax_layout_list&quot;:[]}\">\n\t\t\t\t<div class=\"elementor-element elementor-element-75fe7ee elementor-widget elementor-widget-text-editor\" data-id=\"75fe7ee\" data-element_type=\"widget\" data-e-type=\"widget\" data-widget_type=\"text-editor.default\">\n\t\t\t\t\t\t\t\t\t<h2><strong>Informazioni su Energyear Italia<\/strong><\/h2><p><span style=\"text-decoration: underline; color: #000080;\"><a style=\"color: #000080; text-decoration: underline;\" href=\"https:\/\/energyear.com\/it\/italia\/\">Energyear Italia<\/a><\/span> \u00c8 un evento di riferimento nel settore delle energie rinnovabili che riunisce leader aziendali, investitori, istituzioni ed esperti per discutere del presente e del futuro del settore, promuovendo la transizione verso un modello energetico pi\u00f9 sostenibile in Italia e in Europa.<\/p><p>Contatti per la stampa:\u00a0<br \/>Luis Monta\u00f1o \u2013 Mkt &amp; Coms | <span style=\"text-decoration: underline; color: #000080;\"><a style=\"color: #000080; text-decoration: underline;\" href=\"mailto:luis@energyear.com\" target=\"_blank\" rel=\"noopener\">luis@energyear.com<\/a><\/span> +34 618 56 12 11<\/p>\t\t\t\t\t\t\t\t<\/div>\n\t\t\t\t<\/div>\n\t\t<div class=\"elementor-element elementor-element-73cd866 e-flex e-con-boxed e-con e-child\" data-id=\"73cd866\" data-element_type=\"container\" data-e-type=\"container\" data-settings=\"{&quot;jet_parallax_layout_list&quot;:[]}\">\n\t\t\t\t\t<div class=\"e-con-inner\">\n\t\t\t\t<div class=\"elementor-element elementor-element-07ee40f elementor-widget elementor-widget-image\" data-id=\"07ee40f\" data-element_type=\"widget\" data-e-type=\"widget\" data-widget_type=\"image.default\">\n\t\t\t\t\t\t\t\t\t\t\t\t\t\t\t\t<a href=\"https:\/\/energyear.com\/it\/italia\/\">\n\t\t\t\t\t\t\t<img loading=\"lazy\" decoding=\"async\" width=\"2560\" height=\"675\" src=\"https:\/\/energyear.com\/wp-content\/uploads\/2026\/08\/italia-2026-NEW-scaled.png\" class=\"attachment-full size-full wp-image-88144\" alt=\"\" srcset=\"https:\/\/energyear.com\/wp-content\/uploads\/2026\/08\/italia-2026-NEW-scaled.png 2560w, https:\/\/energyear.com\/wp-content\/uploads\/2026\/08\/italia-2026-NEW-300x79.png 300w, https:\/\/energyear.com\/wp-content\/uploads\/2026\/08\/italia-2026-NEW-1024x270.png 1024w, https:\/\/energyear.com\/wp-content\/uploads\/2026\/08\/italia-2026-NEW-768x202.png 768w, https:\/\/energyear.com\/wp-content\/uploads\/2026\/08\/italia-2026-NEW-1536x405.png 1536w, https:\/\/energyear.com\/wp-content\/uploads\/2026\/08\/italia-2026-NEW-2048x540.png 2048w, https:\/\/energyear.com\/wp-content\/uploads\/2026\/08\/italia-2026-NEW-600x158.png 600w\" sizes=\"auto, (max-width: 2560px) 100vw, 2560px\" \/>\t\t\t\t\t\t\t\t<\/a>\n\t\t\t\t\t\t\t\t\t\t\t\t\t\t\t<\/div>\n\t\t\t\t<div class=\"elementor-element elementor-element-9413715 elementor-share-buttons--view-icon-text elementor-share-buttons--skin-gradient elementor-share-buttons--shape-square elementor-grid-0 elementor-share-buttons--color-official elementor-widget elementor-widget-share-buttons\" data-id=\"9413715\" data-element_type=\"widget\" data-e-type=\"widget\" data-widget_type=\"share-buttons.default\">\n\t\t\t\t\t\t\t<div class=\"elementor-grid\" role=\"list\">\n\t\t\t\t\t\t\t\t<div class=\"elementor-grid-item\" role=\"listitem\">\n\t\t\t\t\t\t<div class=\"elementor-share-btn elementor-share-btn_linkedin\" role=\"button\" tabindex=\"0\" aria-label=\"Condividi su linkedin\">\n\t\t\t\t\t\t\t\t\t\t\t\t\t\t\t<span class=\"elementor-share-btn__icon\">\n\t\t\t\t\t\t\t\t<i class=\"fab fa-linkedin\" aria-hidden=\"true\"><\/i>\t\t\t\t\t\t\t<\/span>\n\t\t\t\t\t\t\t\t\t\t\t\t\t\t\t\t\t\t\t\t\t\t<div class=\"elementor-share-btn__text\">\n\t\t\t\t\t\t\t\t\t\t\t\t\t\t\t\t\t\t\t<span class=\"elementor-share-btn__title\">\n\t\t\t\t\t\t\t\t\t\tLinkedIn\t\t\t\t\t\t\t\t\t<\/span>\n\t\t\t\t\t\t\t\t\t\t\t\t\t\t\t\t\t<\/div>\n\t\t\t\t\t\t\t\t\t\t\t\t\t<\/div>\n\t\t\t\t\t<\/div>\n\t\t\t\t\t\t\t\t\t<div class=\"elementor-grid-item\" role=\"listitem\">\n\t\t\t\t\t\t<div class=\"elementor-share-btn elementor-share-btn_facebook\" role=\"button\" tabindex=\"0\" aria-label=\"Condividi su facebook\">\n\t\t\t\t\t\t\t\t\t\t\t\t\t\t\t<span class=\"elementor-share-btn__icon\">\n\t\t\t\t\t\t\t\t<i class=\"fab fa-facebook\" aria-hidden=\"true\"><\/i>\t\t\t\t\t\t\t<\/span>\n\t\t\t\t\t\t\t\t\t\t\t\t\t\t\t\t\t\t\t\t\t\t<div class=\"elementor-share-btn__text\">\n\t\t\t\t\t\t\t\t\t\t\t\t\t\t\t\t\t\t\t<span class=\"elementor-share-btn__title\">\n\t\t\t\t\t\t\t\t\t\tFacebook\t\t\t\t\t\t\t\t\t<\/span>\n\t\t\t\t\t\t\t\t\t\t\t\t\t\t\t\t\t<\/div>\n\t\t\t\t\t\t\t\t\t\t\t\t\t<\/div>\n\t\t\t\t\t<\/div>\n\t\t\t\t\t\t\t\t\t<div class=\"elementor-grid-item\" role=\"listitem\">\n\t\t\t\t\t\t<div class=\"elementor-share-btn elementor-share-btn_x-twitter\" role=\"button\" tabindex=\"0\" aria-label=\"Condividi su x-twitter\">\n\t\t\t\t\t\t\t\t\t\t\t\t\t\t\t<span class=\"elementor-share-btn__icon\">\n\t\t\t\t\t\t\t\t<i class=\"fab fa-x-twitter\" aria-hidden=\"true\"><\/i>\t\t\t\t\t\t\t<\/span>\n\t\t\t\t\t\t\t\t\t\t\t\t\t\t\t\t\t\t\t\t\t\t<div class=\"elementor-share-btn__text\">\n\t\t\t\t\t\t\t\t\t\t\t\t\t\t\t\t\t\t\t<span class=\"elementor-share-btn__title\">\n\t\t\t\t\t\t\t\t\t\tX\t\t\t\t\t\t\t\t\t<\/span>\n\t\t\t\t\t\t\t\t\t\t\t\t\t\t\t\t\t<\/div>\n\t\t\t\t\t\t\t\t\t\t\t\t\t<\/div>\n\t\t\t\t\t<\/div>\n\t\t\t\t\t\t\t\t\t<div class=\"elementor-grid-item\" role=\"listitem\">\n\t\t\t\t\t\t<div class=\"elementor-share-btn elementor-share-btn_whatsapp\" role=\"button\" tabindex=\"0\" aria-label=\"Condividi su whatsapp\">\n\t\t\t\t\t\t\t\t\t\t\t\t\t\t\t<span class=\"elementor-share-btn__icon\">\n\t\t\t\t\t\t\t\t<i class=\"fab fa-whatsapp\" aria-hidden=\"true\"><\/i>\t\t\t\t\t\t\t<\/span>\n\t\t\t\t\t\t\t\t\t\t\t\t\t\t\t\t\t\t\t\t\t\t<div class=\"elementor-share-btn__text\">\n\t\t\t\t\t\t\t\t\t\t\t\t\t\t\t\t\t\t\t<span class=\"elementor-share-btn__title\">\n\t\t\t\t\t\t\t\t\t\tWhatsApp\t\t\t\t\t\t\t\t\t<\/span>\n\t\t\t\t\t\t\t\t\t\t\t\t\t\t\t\t\t<\/div>\n\t\t\t\t\t\t\t\t\t\t\t\t\t<\/div>\n\t\t\t\t\t<\/div>\n\t\t\t\t\t\t\t\t\t<div class=\"elementor-grid-item\" role=\"listitem\">\n\t\t\t\t\t\t<div class=\"elementor-share-btn elementor-share-btn_email\" role=\"button\" tabindex=\"0\" aria-label=\"Condividi su email\">\n\t\t\t\t\t\t\t\t\t\t\t\t\t\t\t<span class=\"elementor-share-btn__icon\">\n\t\t\t\t\t\t\t\t<i class=\"fas fa-envelope\" aria-hidden=\"true\"><\/i>\t\t\t\t\t\t\t<\/span>\n\t\t\t\t\t\t\t\t\t\t\t\t\t\t\t\t\t\t\t\t\t\t<div class=\"elementor-share-btn__text\">\n\t\t\t\t\t\t\t\t\t\t\t\t\t\t\t\t\t\t\t<span class=\"elementor-share-btn__title\">\n\t\t\t\t\t\t\t\t\t\tEmail\t\t\t\t\t\t\t\t\t<\/span>\n\t\t\t\t\t\t\t\t\t\t\t\t\t\t\t\t\t<\/div>\n\t\t\t\t\t\t\t\t\t\t\t\t\t<\/div>\n\t\t\t\t\t<\/div>\n\t\t\t\t\t\t<\/div>\n\t\t\t\t\t\t<\/div>\n\t\t\t\t\t<\/div>\n\t\t\t\t<\/div>\n\t\t\t\t\t<\/div>\n\t\t\t\t<\/div>\n\t\t<div class=\"elementor-element elementor-element-4759280 e-flex e-con-boxed e-con e-parent\" data-id=\"4759280\" data-element_type=\"container\" data-e-type=\"container\" data-settings=\"{&quot;jet_parallax_layout_list&quot;:[]}\">\n\t\t\t\t\t<div class=\"e-con-inner\">\n\t\t<div class=\"elementor-element elementor-element-1c70f04 e-con-full e-flex e-con e-child\" data-id=\"1c70f04\" data-element_type=\"container\" data-e-type=\"container\" data-settings=\"{&quot;jet_parallax_layout_list&quot;:[]}\">\n\t\t\t\t<div class=\"elementor-element elementor-element-d5c99c7 elementor-align-center elementor-button-info elementor-widget elementor-widget-button\" data-id=\"d5c99c7\" data-element_type=\"widget\" data-e-type=\"widget\" data-settings=\"{&quot;_animation&quot;:&quot;none&quot;}\" data-widget_type=\"button.default\">\n\t\t\t\t\t\t\t\t\t\t<a class=\"elementor-button elementor-button-link elementor-size-lg\" href=\"https:\/\/energyear.com\/it\/italia\/\">\n\t\t\t\t\t\t<span class=\"elementor-button-content-wrapper\">\n\t\t\t\t\t\t\t\t\t<span class=\"elementor-button-text\">Maggiori informazioni su Energyear Italia<\/span>\n\t\t\t\t\t<\/span>\n\t\t\t\t\t<\/a>\n\t\t\t\t\t\t\t\t<\/div>\n\t\t\t\t<\/div>\n\t\t<div class=\"elementor-element elementor-element-da539fa e-con-full e-flex e-con e-child\" data-id=\"da539fa\" data-element_type=\"container\" data-e-type=\"container\" data-settings=\"{&quot;jet_parallax_layout_list&quot;:[]}\">\n\t\t\t\t<div class=\"elementor-element elementor-element-c793bf6 elementor-align-center elementor-button-info elementor-widget elementor-widget-button\" data-id=\"c793bf6\" data-element_type=\"widget\" data-e-type=\"widget\" data-settings=\"{&quot;_animation&quot;:&quot;none&quot;}\" data-widget_type=\"button.default\">\n\t\t\t\t\t\t\t\t\t\t<a class=\"elementor-button elementor-button-link elementor-size-lg\" href=\"https:\/\/energyear.com\/wp-content\/uploads\/2026\/08\/NOTA-DE-PRENSA-ENERGYEAR-ITALIA-2026-EN-img.pdf\" target=\"_blank\">\n\t\t\t\t\t\t<span class=\"elementor-button-content-wrapper\">\n\t\t\t\t\t\t\t\t\t<span class=\"elementor-button-text\">Scarica il comunicato stampa in formato PDF<\/span>\n\t\t\t\t\t<\/span>\n\t\t\t\t\t<\/a>\n\t\t\t\t\t\t\t\t<\/div>\n\t\t\t\t<\/div>\n\t\t<div class=\"elementor-element elementor-element-ba17429 e-con-full e-flex e-con e-child\" data-id=\"ba17429\" data-element_type=\"container\" data-e-type=\"container\" data-settings=\"{&quot;jet_parallax_layout_list&quot;:[]}\">\n\t\t\t\t<div class=\"elementor-element elementor-element-0a239f7 elementor-align-center elementor-button-info elementor-widget elementor-widget-button\" data-id=\"0a239f7\" data-element_type=\"widget\" data-e-type=\"widget\" data-settings=\"{&quot;_animation&quot;:&quot;none&quot;}\" data-widget_type=\"button.default\">\n\t\t\t\t\t\t\t\t\t\t<a class=\"elementor-button elementor-button-link elementor-size-lg\" href=\"https:\/\/energyear.com\/wp-content\/uploads\/2026\/08\/NOTA-DE-PRENSA-ENERGYEAR-ITALIA-2026-EN-img.docx\" target=\"_blank\">\n\t\t\t\t\t\t<span class=\"elementor-button-content-wrapper\">\n\t\t\t\t\t\t\t\t\t<span class=\"elementor-button-text\">Scarica il comunicato stampa in formato Word<\/span>\n\t\t\t\t\t<\/span>\n\t\t\t\t\t<\/a>\n\t\t\t\t\t\t\t\t<\/div>\n\t\t\t\t<\/div>\n\t\t\t\t\t<\/div>\n\t\t\t\t<\/div>\n\t\t<div class=\"elementor-element elementor-element-e64e441 e-flex e-con-boxed e-con e-parent\" data-id=\"e64e441\" data-element_type=\"container\" data-e-type=\"container\" data-settings=\"{&quot;jet_parallax_layout_list&quot;:[]}\">\n\t\t\t\t\t<div class=\"e-con-inner\">\n\t\t\t\t<div class=\"elementor-element elementor-element-5cb97d8 elementor-widget-divider--view-line elementor-widget elementor-widget-divider\" data-id=\"5cb97d8\" data-element_type=\"widget\" data-e-type=\"widget\" data-widget_type=\"divider.default\">\n\t\t\t\t\t\t\t<div class=\"elementor-divider\">\n\t\t\t<span class=\"elementor-divider-separator\">\n\t\t\t\t\t\t<\/span>\n\t\t<\/div>\n\t\t\t\t\t\t<\/div>\n\t\t\t\t<div class=\"elementor-element elementor-element-066c4af elementor-grid-3 elementor-grid-tablet-2 elementor-grid-mobile-1 elementor-posts--thumbnail-top elementor-widget elementor-widget-posts\" data-id=\"066c4af\" data-element_type=\"widget\" data-e-type=\"widget\" data-settings=\"{&quot;classic_columns&quot;:&quot;3&quot;,&quot;classic_columns_tablet&quot;:&quot;2&quot;,&quot;classic_columns_mobile&quot;:&quot;1&quot;,&quot;classic_row_gap&quot;:{&quot;unit&quot;:&quot;px&quot;,&quot;size&quot;:35,&quot;sizes&quot;:[]},&quot;classic_row_gap_tablet&quot;:{&quot;unit&quot;:&quot;px&quot;,&quot;size&quot;:&quot;&quot;,&quot;sizes&quot;:[]},&quot;classic_row_gap_mobile&quot;:{&quot;unit&quot;:&quot;px&quot;,&quot;size&quot;:&quot;&quot;,&quot;sizes&quot;:[]}}\" data-widget_type=\"posts.classic\">\n\t\t\t\t<div class=\"elementor-widget-container\">\n\t\t\t\t\t\t\t<div class=\"elementor-posts-container elementor-posts elementor-posts--skin-classic elementor-grid\" role=\"list\">\n\t\t\t\t<article class=\"elementor-post elementor-grid-item post-88435 post type-post status-publish format-standard has-post-thumbnail hentry category-notas-de-prensa tag-argentina tag-latam\" role=\"listitem\">\n\t\t\t\t<a class=\"elementor-post__thumbnail__link\" href=\"https:\/\/energyear.com\/it\/notas-de-prensa\/principales-actores-sector-energetico-reunen-futuro-renovable-argentina\/\" tabindex=\"-1\" >\n\t\t\t<div class=\"elementor-post__thumbnail\"><img loading=\"lazy\" decoding=\"async\" width=\"300\" height=\"200\" src=\"https:\/\/energyear.com\/wp-content\/uploads\/2026\/08\/Principales-actores-del-sector-energetico-se-reunen-para-debatir-el-futuro-renovable-de-Argentina-300x200.jpg\" class=\"attachment-medium size-medium wp-image-88436\" alt=\"I principali attori del settore energetico si riuniscono per discutere del futuro delle energie rinnovabili in Argentina\" srcset=\"https:\/\/energyear.com\/wp-content\/uploads\/2026\/08\/Principales-actores-del-sector-energetico-se-reunen-para-debatir-el-futuro-renovable-de-Argentina-300x200.jpg 300w, https:\/\/energyear.com\/wp-content\/uploads\/2026\/08\/Principales-actores-del-sector-energetico-se-reunen-para-debatir-el-futuro-renovable-de-Argentina-1024x684.jpg 1024w, https:\/\/energyear.com\/wp-content\/uploads\/2026\/08\/Principales-actores-del-sector-energetico-se-reunen-para-debatir-el-futuro-renovable-de-Argentina-768x513.jpg 768w, https:\/\/energyear.com\/wp-content\/uploads\/2026\/08\/Principales-actores-del-sector-energetico-se-reunen-para-debatir-el-futuro-renovable-de-Argentina-1536x1025.jpg 1536w, https:\/\/energyear.com\/wp-content\/uploads\/2026\/08\/Principales-actores-del-sector-energetico-se-reunen-para-debatir-el-futuro-renovable-de-Argentina-600x400.jpg 600w, https:\/\/energyear.com\/wp-content\/uploads\/2026\/08\/Principales-actores-del-sector-energetico-se-reunen-para-debatir-el-futuro-renovable-de-Argentina-66x43.jpg 66w, https:\/\/energyear.com\/wp-content\/uploads\/2026\/08\/Principales-actores-del-sector-energetico-se-reunen-para-debatir-el-futuro-renovable-de-Argentina.jpg 2048w\" sizes=\"auto, (max-width: 300px) 100vw, 300px\" \/><\/div>\n\t\t<\/a>\n\t\t\t\t<div class=\"elementor-post__text\">\n\t\t\t\t<h3 class=\"elementor-post__title\">\n\t\t\t<a href=\"https:\/\/energyear.com\/it\/notas-de-prensa\/principales-actores-sector-energetico-reunen-futuro-renovable-argentina\/\" >\n\t\t\t\tI principali attori del settore energetico si riuniscono per discutere del futuro delle energie rinnovabili in Argentina\t\t\t<\/a>\n\t\t<\/h3>\n\t\t\t\t<div class=\"elementor-post__meta-data\">\n\t\t\t\t\t<span class=\"elementor-post-author\">\n\t\t\tENERGYEAR\t\t<\/span>\n\t\t\t\t<span class=\"elementor-post-date\">\n\t\t\t31\/08\/2026\t\t<\/span>\n\t\t\t\t<\/div>\n\t\t\n\t\t<a class=\"elementor-post__read-more\" href=\"https:\/\/energyear.com\/it\/notas-de-prensa\/principales-actores-sector-energetico-reunen-futuro-renovable-argentina\/\" aria-label=\"Leggi tutto Principales actores del sector energ\u00e9tico se re\u00fanen para debatir el futuro renovable de Argentina\" tabindex=\"-1\" >\n\t\t\tLeggi di pi\u00f9\t\t<\/a>\n\n\t\t\t\t<\/div>\n\t\t\t\t<\/article>\n\t\t\t\t<article class=\"elementor-post elementor-grid-item post-88138 post type-post status-publish format-standard has-post-thumbnail hentry category-notas-de-prensa tag-europa tag-italia\" role=\"listitem\">\n\t\t\t\t<a class=\"elementor-post__thumbnail__link\" href=\"https:\/\/energyear.com\/it\/notas-de-prensa\/milan-reunira-1200-profesionales-transicion-energetica-italia-2026\/\" tabindex=\"-1\" >\n\t\t\t<div class=\"elementor-post__thumbnail\"><img loading=\"lazy\" decoding=\"async\" width=\"300\" height=\"200\" src=\"https:\/\/energyear.com\/wp-content\/uploads\/2026\/08\/PS82518-300x200.jpg\" class=\"attachment-medium size-medium wp-image-88139\" alt=\"Milano riunir\u00e0 oltre 1.200 professionisti per analizzare le sfide della transizione energetica e delle energie rinnovabili in Italia\" srcset=\"https:\/\/energyear.com\/wp-content\/uploads\/2026\/08\/PS82518-300x200.jpg 300w, https:\/\/energyear.com\/wp-content\/uploads\/2026\/08\/PS82518-1024x683.jpg 1024w, https:\/\/energyear.com\/wp-content\/uploads\/2026\/08\/PS82518-768x512.jpg 768w, https:\/\/energyear.com\/wp-content\/uploads\/2026\/08\/PS82518-1536x1024.jpg 1536w, https:\/\/energyear.com\/wp-content\/uploads\/2026\/08\/PS82518-2048x1366.jpg 2048w, https:\/\/energyear.com\/wp-content\/uploads\/2026\/08\/PS82518-600x400.jpg 600w, https:\/\/energyear.com\/wp-content\/uploads\/2026\/08\/PS82518-66x43.jpg 66w\" sizes=\"auto, (max-width: 300px) 100vw, 300px\" \/><\/div>\n\t\t<\/a>\n\t\t\t\t<div class=\"elementor-post__text\">\n\t\t\t\t<h3 class=\"elementor-post__title\">\n\t\t\t<a href=\"https:\/\/energyear.com\/it\/notas-de-prensa\/milan-reunira-1200-profesionales-transicion-energetica-italia-2026\/\" >\n\t\t\t\tMilano riunir\u00e0 oltre 1.200 professionisti per analizzare le sfide della transizione energetica e delle energie rinnovabili in Italia\t\t\t<\/a>\n\t\t<\/h3>\n\t\t\t\t<div class=\"elementor-post__meta-data\">\n\t\t\t\t\t<span class=\"elementor-post-author\">\n\t\t\tEnergyear SL\t\t<\/span>\n\t\t\t\t<span class=\"elementor-post-date\">\n\t\t\t25\/08\/2026\t\t<\/span>\n\t\t\t\t<\/div>\n\t\t\n\t\t<a class=\"elementor-post__read-more\" href=\"https:\/\/energyear.com\/it\/notas-de-prensa\/milan-reunira-1200-profesionales-transicion-energetica-italia-2026\/\" aria-label=\"Milano riunir\u00e0 oltre 1.200 professionisti per analizzare le sfide della transizione energetica e delle energie rinnovabili in Italia\" tabindex=\"-1\" >\n\t\t\tLeggi di pi\u00f9\t\t<\/a>\n\n\t\t\t\t<\/div>\n\t\t\t\t<\/article>\n\t\t\t\t<\/div>\n\t\t\n\t\t\t\t\t\t<\/div>\n\t\t\t\t<\/div>\n\t\t\t\t\t<\/div>\n\t\t\t\t<\/div>\n\t\t\t\t<\/div>","protected":false},"excerpt":{"rendered":"<p>Madrid, 21 luglio 2026. La sesta edizione di Energyear Italy si terr\u00e0 dal 13 al 15 ottobre presso l\u2019UNA HOTELS Expo Fiera Milano e riunir\u00e0 oltre 1.200 partecipanti, 100 partner, 120 relatori e pi\u00f9 di 20 sessioni di conferenze.<\/p>","protected":false},"author":14,"featured_media":88139,"comment_status":"closed","ping_status":"open","sticky":false,"template":"elementor_header_footer","format":"standard","meta":{"_acf_changed":false,"content-type":"","footnotes":""},"categories":[229],"tags":[244,243],"class_list":["post-88138","post","type-post","status-publish","format-standard","has-post-thumbnail","hentry","category-notas-de-prensa","tag-europa","tag-italia"],"acf":[],"yoast_head":"<!-- This site is optimized with the Yoast SEO plugin v28.3 - https:\/\/yoast.com\/product\/yoast-seo-wordpress\/ -->\n<title>NdP - Mil\u00e1n reunir\u00e1 a m\u00e1s de 1.200 profesionales de las renovables en Italia - Energyear<\/title>\n<meta name=\"description\" content=\"Energyear Italia 2026 celebrar\u00e1 la sexta edici\u00f3n los d\u00edas 13, 14 y 15 de octubre en el UNAHOTELS Expo Fiera Milano, consolid\u00e1ndose como uno de los principales puntos de encuentro del sector de las energ\u00edas renovables en Italia.\" \/>\n<meta name=\"robots\" content=\"index, follow, max-snippet:-1, max-image-preview:large, max-video-preview:-1\" \/>\n<link rel=\"canonical\" href=\"https:\/\/energyear.com\/it\/notas-de-prensa\/milan-reunira-1200-profesionales-transicion-energetica-italia-2026\/\" \/>\n<meta property=\"og:locale\" content=\"it_IT\" \/>\n<meta property=\"og:type\" content=\"article\" \/>\n<meta property=\"og:title\" content=\"NdP - Mil\u00e1n reunir\u00e1 a m\u00e1s de 1.200 profesionales de las renovables en Italia - Energyear\" \/>\n<meta property=\"og:description\" content=\"Energyear Italia 2026 celebrar\u00e1 la sexta edici\u00f3n los d\u00edas 13, 14 y 15 de octubre en el UNAHOTELS Expo Fiera Milano, consolid\u00e1ndose como uno de los principales puntos de encuentro del sector de las energ\u00edas renovables en Italia.\" \/>\n<meta property=\"og:url\" content=\"https:\/\/energyear.com\/it\/notas-de-prensa\/milan-reunira-1200-profesionales-transicion-energetica-italia-2026\/\" \/>\n<meta property=\"og:site_name\" content=\"Energyear\" \/>\n<meta property=\"article:published_time\" content=\"2026-08-25T11:12:39+00:00\" \/>\n<meta property=\"article:modified_time\" content=\"2026-08-31T16:23:00+00:00\" \/>\n<meta property=\"og:image\" content=\"https:\/\/energyear.com\/wp-content\/uploads\/2026\/08\/PS82518-scaled.jpg\" \/>\n\t<meta property=\"og:image:width\" content=\"2560\" \/>\n\t<meta property=\"og:image:height\" content=\"1707\" \/>\n\t<meta property=\"og:image:type\" content=\"image\/jpeg\" \/>\n<meta name=\"author\" content=\"Energyear SL\" \/>\n<meta name=\"twitter:card\" content=\"summary_large_image\" \/>\n<meta name=\"twitter:label1\" content=\"Scritto da\" \/>\n\t<meta name=\"twitter:data1\" content=\"Energyear SL\" \/>\n\t<meta name=\"twitter:label2\" content=\"Tempo di lettura stimato\" \/>\n\t<meta name=\"twitter:data2\" content=\"4 minuti\" \/>\n<script type=\"application\/ld+json\" class=\"yoast-schema-graph\">{\"@context\":\"https:\\\/\\\/schema.org\",\"@graph\":[{\"@type\":\"Article\",\"@id\":\"https:\\\/\\\/energyear.com\\\/notas-de-prensa\\\/milan-reunira-1200-profesionales-transicion-energetica-italia-2026\\\/#article\",\"isPartOf\":{\"@id\":\"https:\\\/\\\/energyear.com\\\/notas-de-prensa\\\/milan-reunira-1200-profesionales-transicion-energetica-italia-2026\\\/\"},\"author\":{\"name\":\"Energyear SL\",\"@id\":\"https:\\\/\\\/energyear.com\\\/es\\\/#\\\/schema\\\/person\\\/0e9d50001a4910a218795dd9b822c8f8\"},\"headline\":\"Mil\u00e1n reunir\u00e1 a m\u00e1s de 1.200 profesionales para analizar los retos de la transici\u00f3n energ\u00e9tica y las renovables en Italia\",\"datePublished\":\"2026-08-25T11:12:39+00:00\",\"dateModified\":\"2026-08-31T16:23:00+00:00\",\"mainEntityOfPage\":{\"@id\":\"https:\\\/\\\/energyear.com\\\/notas-de-prensa\\\/milan-reunira-1200-profesionales-transicion-energetica-italia-2026\\\/\"},\"wordCount\":788,\"publisher\":{\"@id\":\"https:\\\/\\\/energyear.com\\\/es\\\/#organization\"},\"image\":{\"@id\":\"https:\\\/\\\/energyear.com\\\/notas-de-prensa\\\/milan-reunira-1200-profesionales-transicion-energetica-italia-2026\\\/#primaryimage\"},\"thumbnailUrl\":\"https:\\\/\\\/energyear.com\\\/wp-content\\\/uploads\\\/2026\\\/08\\\/PS82518-scaled.jpg\",\"keywords\":[\"Europa\",\"Italia\"],\"articleSection\":[\"Notas de prensa\"],\"inLanguage\":\"it-IT\"},{\"@type\":\"WebPage\",\"@id\":\"https:\\\/\\\/energyear.com\\\/notas-de-prensa\\\/milan-reunira-1200-profesionales-transicion-energetica-italia-2026\\\/\",\"url\":\"https:\\\/\\\/energyear.com\\\/notas-de-prensa\\\/milan-reunira-1200-profesionales-transicion-energetica-italia-2026\\\/\",\"name\":\"NdP - Mil\u00e1n reunir\u00e1 a m\u00e1s de 1.200 profesionales de las renovables en Italia - Energyear\",\"isPartOf\":{\"@id\":\"https:\\\/\\\/energyear.com\\\/es\\\/#website\"},\"primaryImageOfPage\":{\"@id\":\"https:\\\/\\\/energyear.com\\\/notas-de-prensa\\\/milan-reunira-1200-profesionales-transicion-energetica-italia-2026\\\/#primaryimage\"},\"image\":{\"@id\":\"https:\\\/\\\/energyear.com\\\/notas-de-prensa\\\/milan-reunira-1200-profesionales-transicion-energetica-italia-2026\\\/#primaryimage\"},\"thumbnailUrl\":\"https:\\\/\\\/energyear.com\\\/wp-content\\\/uploads\\\/2026\\\/08\\\/PS82518-scaled.jpg\",\"datePublished\":\"2026-08-25T11:12:39+00:00\",\"dateModified\":\"2026-08-31T16:23:00+00:00\",\"description\":\"Energyear Italia 2026 celebrar\u00e1 la sexta edici\u00f3n los d\u00edas 13, 14 y 15 de octubre en el UNAHOTELS Expo Fiera Milano, consolid\u00e1ndose como uno de los principales puntos de encuentro del sector de las energ\u00edas renovables en Italia.\",\"breadcrumb\":{\"@id\":\"https:\\\/\\\/energyear.com\\\/notas-de-prensa\\\/milan-reunira-1200-profesionales-transicion-energetica-italia-2026\\\/#breadcrumb\"},\"inLanguage\":\"it-IT\",\"potentialAction\":[{\"@type\":\"ReadAction\",\"target\":[\"https:\\\/\\\/energyear.com\\\/notas-de-prensa\\\/milan-reunira-1200-profesionales-transicion-energetica-italia-2026\\\/\"]}]},{\"@type\":\"ImageObject\",\"inLanguage\":\"it-IT\",\"@id\":\"https:\\\/\\\/energyear.com\\\/notas-de-prensa\\\/milan-reunira-1200-profesionales-transicion-energetica-italia-2026\\\/#primaryimage\",\"url\":\"https:\\\/\\\/energyear.com\\\/wp-content\\\/uploads\\\/2026\\\/08\\\/PS82518-scaled.jpg\",\"contentUrl\":\"https:\\\/\\\/energyear.com\\\/wp-content\\\/uploads\\\/2026\\\/08\\\/PS82518-scaled.jpg\",\"width\":2560,\"height\":1707,\"caption\":\"Mil\u00e1n reunir\u00e1 a m\u00e1s de 1.200 profesionales para analizar los retos de la transici\u00f3n energ\u00e9tica y las renovables en Italia\"},{\"@type\":\"BreadcrumbList\",\"@id\":\"https:\\\/\\\/energyear.com\\\/notas-de-prensa\\\/milan-reunira-1200-profesionales-transicion-energetica-italia-2026\\\/#breadcrumb\",\"itemListElement\":[{\"@type\":\"ListItem\",\"position\":1,\"name\":\"Portada\",\"item\":\"https:\\\/\\\/energyear.com\\\/\"},{\"@type\":\"ListItem\",\"position\":2,\"name\":\"Mil\u00e1n reunir\u00e1 a m\u00e1s de 1.200 profesionales para analizar los retos de la transici\u00f3n energ\u00e9tica y las renovables en Italia\"}]},{\"@type\":\"WebSite\",\"@id\":\"https:\\\/\\\/energyear.com\\\/es\\\/#website\",\"url\":\"https:\\\/\\\/energyear.com\\\/es\\\/\",\"name\":\"Energyear\",\"description\":\"Eventos de Energ\u00edas Renovables y Movilidad\",\"publisher\":{\"@id\":\"https:\\\/\\\/energyear.com\\\/es\\\/#organization\"},\"potentialAction\":[{\"@type\":\"SearchAction\",\"target\":{\"@type\":\"EntryPoint\",\"urlTemplate\":\"https:\\\/\\\/energyear.com\\\/es\\\/?s={search_term_string}\"},\"query-input\":{\"@type\":\"PropertyValueSpecification\",\"valueRequired\":true,\"valueName\":\"search_term_string\"}}],\"inLanguage\":\"it-IT\"},{\"@type\":\"Organization\",\"@id\":\"https:\\\/\\\/energyear.com\\\/es\\\/#organization\",\"name\":\"Energyear\",\"url\":\"https:\\\/\\\/energyear.com\\\/es\\\/\",\"logo\":{\"@type\":\"ImageObject\",\"inLanguage\":\"it-IT\",\"@id\":\"https:\\\/\\\/energyear.com\\\/es\\\/#\\\/schema\\\/logo\\\/image\\\/\",\"url\":\"https:\\\/\\\/energyear.com\\\/wp-content\\\/uploads\\\/2022\\\/01\\\/logo_energyear_f.svg\",\"contentUrl\":\"https:\\\/\\\/energyear.com\\\/wp-content\\\/uploads\\\/2022\\\/01\\\/logo_energyear_f.svg\",\"width\":100,\"height\":100,\"caption\":\"Energyear\"},\"image\":{\"@id\":\"https:\\\/\\\/energyear.com\\\/es\\\/#\\\/schema\\\/logo\\\/image\\\/\"}},{\"@type\":\"Person\",\"@id\":\"https:\\\/\\\/energyear.com\\\/es\\\/#\\\/schema\\\/person\\\/0e9d50001a4910a218795dd9b822c8f8\",\"name\":\"Energyear SL\",\"image\":{\"@type\":\"ImageObject\",\"inLanguage\":\"it-IT\",\"@id\":\"https:\\\/\\\/energyear.com\\\/wp-content\\\/litespeed\\\/avatar\\\/43a3da17ec6a1ff96601a7d947b79cb9.jpg?ver=1788178410\",\"url\":\"https:\\\/\\\/energyear.com\\\/wp-content\\\/litespeed\\\/avatar\\\/43a3da17ec6a1ff96601a7d947b79cb9.jpg?ver=1788178410\",\"contentUrl\":\"https:\\\/\\\/energyear.com\\\/wp-content\\\/litespeed\\\/avatar\\\/43a3da17ec6a1ff96601a7d947b79cb9.jpg?ver=1788178410\",\"caption\":\"Energyear SL\"},\"url\":\"https:\\\/\\\/energyear.com\\\/it\\\/author\\\/marketing\\\/\"}]}<\/script>\n<!-- \/ Yoast SEO plugin. -->","yoast_head_json":{"title":"NdP - Mil\u00e1n reunir\u00e1 a m\u00e1s de 1.200 profesionales de las renovables en Italia - Energyear","description":"Energyear Italia 2026 celebrar\u00e1 la sexta edici\u00f3n los d\u00edas 13, 14 y 15 de octubre en el UNAHOTELS Expo Fiera Milano, consolid\u00e1ndose como uno de los principales puntos de encuentro del sector de las energ\u00edas renovables en Italia.","robots":{"index":"index","follow":"follow","max-snippet":"max-snippet:-1","max-image-preview":"max-image-preview:large","max-video-preview":"max-video-preview:-1"},"canonical":"https:\/\/energyear.com\/it\/notas-de-prensa\/milan-reunira-1200-profesionales-transicion-energetica-italia-2026\/","og_locale":"it_IT","og_type":"article","og_title":"NdP - Mil\u00e1n reunir\u00e1 a m\u00e1s de 1.200 profesionales de las renovables en Italia - Energyear","og_description":"Energyear Italia 2026 celebrar\u00e1 la sexta edici\u00f3n los d\u00edas 13, 14 y 15 de octubre en el UNAHOTELS Expo Fiera Milano, consolid\u00e1ndose como uno de los principales puntos de encuentro del sector de las energ\u00edas renovables en Italia.","og_url":"https:\/\/energyear.com\/it\/notas-de-prensa\/milan-reunira-1200-profesionales-transicion-energetica-italia-2026\/","og_site_name":"Energyear","article_published_time":"2026-08-25T11:12:39+00:00","article_modified_time":"2026-08-31T16:23:00+00:00","og_image":[{"width":2560,"height":1707,"url":"https:\/\/energyear.com\/wp-content\/uploads\/2026\/08\/PS82518-scaled.jpg","type":"image\/jpeg"}],"author":"Energyear SL","twitter_card":"summary_large_image","twitter_misc":{"Scritto da":"Energyear SL","Tempo di lettura stimato":"4 minuti"},"schema":{"@context":"https:\/\/schema.org","@graph":[{"@type":"Article","@id":"https:\/\/energyear.com\/notas-de-prensa\/milan-reunira-1200-profesionales-transicion-energetica-italia-2026\/#article","isPartOf":{"@id":"https:\/\/energyear.com\/notas-de-prensa\/milan-reunira-1200-profesionales-transicion-energetica-italia-2026\/"},"author":{"name":"Energyear SL","@id":"https:\/\/energyear.com\/es\/#\/schema\/person\/0e9d50001a4910a218795dd9b822c8f8"},"headline":"Mil\u00e1n reunir\u00e1 a m\u00e1s de 1.200 profesionales para analizar los retos de la transici\u00f3n energ\u00e9tica y las renovables en Italia","datePublished":"2026-08-25T11:12:39+00:00","dateModified":"2026-08-31T16:23:00+00:00","mainEntityOfPage":{"@id":"https:\/\/energyear.com\/notas-de-prensa\/milan-reunira-1200-profesionales-transicion-energetica-italia-2026\/"},"wordCount":788,"publisher":{"@id":"https:\/\/energyear.com\/es\/#organization"},"image":{"@id":"https:\/\/energyear.com\/notas-de-prensa\/milan-reunira-1200-profesionales-transicion-energetica-italia-2026\/#primaryimage"},"thumbnailUrl":"https:\/\/energyear.com\/wp-content\/uploads\/2026\/08\/PS82518-scaled.jpg","keywords":["Europa","Italia"],"articleSection":["Notas de prensa"],"inLanguage":"it-IT"},{"@type":"WebPage","@id":"https:\/\/energyear.com\/notas-de-prensa\/milan-reunira-1200-profesionales-transicion-energetica-italia-2026\/","url":"https:\/\/energyear.com\/notas-de-prensa\/milan-reunira-1200-profesionales-transicion-energetica-italia-2026\/","name":"NdP - Mil\u00e1n reunir\u00e1 a m\u00e1s de 1.200 profesionales de las renovables en Italia - Energyear","isPartOf":{"@id":"https:\/\/energyear.com\/es\/#website"},"primaryImageOfPage":{"@id":"https:\/\/energyear.com\/notas-de-prensa\/milan-reunira-1200-profesionales-transicion-energetica-italia-2026\/#primaryimage"},"image":{"@id":"https:\/\/energyear.com\/notas-de-prensa\/milan-reunira-1200-profesionales-transicion-energetica-italia-2026\/#primaryimage"},"thumbnailUrl":"https:\/\/energyear.com\/wp-content\/uploads\/2026\/08\/PS82518-scaled.jpg","datePublished":"2026-08-25T11:12:39+00:00","dateModified":"2026-08-31T16:23:00+00:00","description":"Energyear Italia 2026 celebrar\u00e1 la sexta edici\u00f3n los d\u00edas 13, 14 y 15 de octubre en el UNAHOTELS Expo Fiera Milano, consolid\u00e1ndose como uno de los principales puntos de encuentro del sector de las energ\u00edas renovables en Italia.","breadcrumb":{"@id":"https:\/\/energyear.com\/notas-de-prensa\/milan-reunira-1200-profesionales-transicion-energetica-italia-2026\/#breadcrumb"},"inLanguage":"it-IT","potentialAction":[{"@type":"ReadAction","target":["https:\/\/energyear.com\/notas-de-prensa\/milan-reunira-1200-profesionales-transicion-energetica-italia-2026\/"]}]},{"@type":"ImageObject","inLanguage":"it-IT","@id":"https:\/\/energyear.com\/notas-de-prensa\/milan-reunira-1200-profesionales-transicion-energetica-italia-2026\/#primaryimage","url":"https:\/\/energyear.com\/wp-content\/uploads\/2026\/08\/PS82518-scaled.jpg","contentUrl":"https:\/\/energyear.com\/wp-content\/uploads\/2026\/08\/PS82518-scaled.jpg","width":2560,"height":1707,"caption":"Mil\u00e1n reunir\u00e1 a m\u00e1s de 1.200 profesionales para analizar los retos de la transici\u00f3n energ\u00e9tica y las renovables en Italia"},{"@type":"BreadcrumbList","@id":"https:\/\/energyear.com\/notas-de-prensa\/milan-reunira-1200-profesionales-transicion-energetica-italia-2026\/#breadcrumb","itemListElement":[{"@type":"ListItem","position":1,"name":"Portada","item":"https:\/\/energyear.com\/"},{"@type":"ListItem","position":2,"name":"Mil\u00e1n reunir\u00e1 a m\u00e1s de 1.200 profesionales para analizar los retos de la transici\u00f3n energ\u00e9tica y las renovables en Italia"}]},{"@type":"WebSite","@id":"https:\/\/energyear.com\/es\/#website","url":"https:\/\/energyear.com\/es\/","name":"ENERGYEAR","description":"Eventos de Energ\u00edas Renovables y Movilidad","publisher":{"@id":"https:\/\/energyear.com\/es\/#organization"},"potentialAction":[{"@type":"SearchAction","target":{"@type":"EntryPoint","urlTemplate":"https:\/\/energyear.com\/es\/?s={search_term_string}"},"query-input":{"@type":"PropertyValueSpecification","valueRequired":true,"valueName":"search_term_string"}}],"inLanguage":"it-IT"},{"@type":"Organization","@id":"https:\/\/energyear.com\/es\/#organization","name":"ENERGYEAR","url":"https:\/\/energyear.com\/es\/","logo":{"@type":"ImageObject","inLanguage":"it-IT","@id":"https:\/\/energyear.com\/es\/#\/schema\/logo\/image\/","url":"https:\/\/energyear.com\/wp-content\/uploads\/2022\/01\/logo_energyear_f.svg","contentUrl":"https:\/\/energyear.com\/wp-content\/uploads\/2022\/01\/logo_energyear_f.svg","width":100,"height":100,"caption":"Energyear"},"image":{"@id":"https:\/\/energyear.com\/es\/#\/schema\/logo\/image\/"}},{"@type":"Person","@id":"https:\/\/energyear.com\/es\/#\/schema\/person\/0e9d50001a4910a218795dd9b822c8f8","name":"Energyear SL","image":{"@type":"ImageObject","inLanguage":"it-IT","@id":"https:\/\/energyear.com\/wp-content\/litespeed\/avatar\/43a3da17ec6a1ff96601a7d947b79cb9.jpg?ver=1788178410","url":"https:\/\/energyear.com\/wp-content\/litespeed\/avatar\/43a3da17ec6a1ff96601a7d947b79cb9.jpg?ver=1788178410","contentUrl":"https:\/\/energyear.com\/wp-content\/litespeed\/avatar\/43a3da17ec6a1ff96601a7d947b79cb9.jpg?ver=1788178410","caption":"Energyear SL"},"url":"https:\/\/energyear.com\/it\/author\/marketing\/"}]}},"_links":{"self":[{"href":"https:\/\/energyear.com\/it\/wp-json\/wp\/v2\/posts\/88138","targetHints":{"allow":["GET"]}}],"collection":[{"href":"https:\/\/energyear.com\/it\/wp-json\/wp\/v2\/posts"}],"about":[{"href":"https:\/\/energyear.com\/it\/wp-json\/wp\/v2\/types\/post"}],"author":[{"embeddable":true,"href":"https:\/\/energyear.com\/it\/wp-json\/wp\/v2\/users\/14"}],"replies":[{"embeddable":true,"href":"https:\/\/energyear.com\/it\/wp-json\/wp\/v2\/comments?post=88138"}],"version-history":[{"count":5,"href":"https:\/\/energyear.com\/it\/wp-json\/wp\/v2\/posts\/88138\/revisions"}],"predecessor-version":[{"id":88477,"href":"https:\/\/energyear.com\/it\/wp-json\/wp\/v2\/posts\/88138\/revisions\/88477"}],"wp:featuredmedia":[{"embeddable":true,"href":"https:\/\/energyear.com\/it\/wp-json\/wp\/v2\/media\/88139"}],"wp:attachment":[{"href":"https:\/\/energyear.com\/it\/wp-json\/wp\/v2\/media?parent=88138"}],"wp:term":[{"taxonomy":"category","embeddable":true,"href":"https:\/\/energyear.com\/it\/wp-json\/wp\/v2\/categories?post=88138"},{"taxonomy":"post_tag","embeddable":true,"href":"https:\/\/energyear.com\/it\/wp-json\/wp\/v2\/tags?post=88138"}],"curies":[{"name":"wp","href":"https:\/\/api.w.org\/{rel}","templated":true}]}}