{"id":88138,"date":"2026-08-25T13:12:39","date_gmt":"2026-08-25T11:12:39","guid":{"rendered":"https:\/\/energyear.com\/?p=88138"},"modified":"2026-08-31T18:23:00","modified_gmt":"2026-08-31T16:23:00","slug":"milan-reunira-1200-profesionales-transicion-energetica-italia-2026","status":"publish","type":"post","link":"https:\/\/energyear.com\/es\/notas-de-prensa\/milan-reunira-1200-profesionales-transicion-energetica-italia-2026\/","title":{"rendered":"Mil\u00e1n reunir\u00e1 a m\u00e1s de 1.200 profesionales para analizar los retos de la transici\u00f3n energ\u00e9tica y las renovables en Italia"},"content":{"rendered":"\t\t<div data-elementor-type=\"wp-post\" data-elementor-id=\"88138\" class=\"elementor elementor-88138\" data-elementor-post-type=\"post\">\n\t\t\t\t<div class=\"elementor-element elementor-element-cd7ed7e e-flex e-con-boxed e-con e-parent\" data-id=\"cd7ed7e\" data-element_type=\"container\" data-e-type=\"container\" data-settings=\"{&quot;jet_parallax_layout_list&quot;:[]}\">\n\t\t\t\t\t<div class=\"e-con-inner\">\n\t\t<div class=\"elementor-element elementor-element-5022b9f e-con-full e-flex e-con e-child\" data-id=\"5022b9f\" data-element_type=\"container\" data-e-type=\"container\" data-settings=\"{&quot;jet_parallax_layout_list&quot;:[]}\">\n\t\t\t\t<div class=\"elementor-element elementor-element-80b0ca4 elementor-widget elementor-widget-image\" data-id=\"80b0ca4\" data-element_type=\"widget\" data-e-type=\"widget\" data-widget_type=\"image.default\">\n\t\t\t\t\t\t\t\t\t\t\t\t\t\t\t<img loading=\"lazy\" decoding=\"async\" width=\"1024\" height=\"683\" src=\"https:\/\/energyear.com\/wp-content\/uploads\/2026\/08\/PS82518-1024x683.jpg\" class=\"attachment-large size-large wp-image-88139\" alt=\"Mil\u00e1n reunir\u00e1 a m\u00e1s de 1.200 profesionales para analizar los retos de la transici\u00f3n energ\u00e9tica y las renovables en Italia\" srcset=\"https:\/\/energyear.com\/wp-content\/uploads\/2026\/08\/PS82518-1024x683.jpg 1024w, https:\/\/energyear.com\/wp-content\/uploads\/2026\/08\/PS82518-300x200.jpg 300w, https:\/\/energyear.com\/wp-content\/uploads\/2026\/08\/PS82518-768x512.jpg 768w, https:\/\/energyear.com\/wp-content\/uploads\/2026\/08\/PS82518-1536x1024.jpg 1536w, https:\/\/energyear.com\/wp-content\/uploads\/2026\/08\/PS82518-2048x1366.jpg 2048w, https:\/\/energyear.com\/wp-content\/uploads\/2026\/08\/PS82518-600x400.jpg 600w, https:\/\/energyear.com\/wp-content\/uploads\/2026\/08\/PS82518-66x43.jpg 66w\" sizes=\"auto, (max-width: 1024px) 100vw, 1024px\" \/>\t\t\t\t\t\t\t\t\t\t\t\t\t\t\t<\/div>\n\t\t\t\t<div class=\"elementor-element elementor-element-a80ec7d elementor-widget elementor-widget-heading\" data-id=\"a80ec7d\" data-element_type=\"widget\" data-e-type=\"widget\" data-widget_type=\"heading.default\">\n\t\t\t\t\t<h1 class=\"elementor-heading-title elementor-size-default\">Mil\u00e1n reunir\u00e1 a m\u00e1s de 1.200 profesionales para analizar los retos de la transici\u00f3n energ\u00e9tica y las renovables en Italia<\/h1>\t\t\t\t<\/div>\n\t\t\t\t<div class=\"elementor-element elementor-element-ebe8bf9 elementor-widget elementor-widget-text-editor\" data-id=\"ebe8bf9\" data-element_type=\"widget\" data-e-type=\"widget\" data-widget_type=\"text-editor.default\">\n\t\t\t\t\t\t\t\t\t<p><strong>Madrid, 21 de julio.<\/strong> Energyear Italia 2026 celebrar\u00e1 la sexta edici\u00f3n los d\u00edas 13, 14 y 15 de octubre en el UNAHOTELS Expo Fiera Milano, consolid\u00e1ndose como uno de los principales puntos de encuentro del sector de las energ\u00edas renovables en Italia. El evento reunir\u00e1 a m\u00e1s de 1.200 profesionales, m\u00e1s de 100 partners, m\u00e1s de 120 ponentes y m\u00e1s de 20 paneles especializados.<\/p><p>La principal novedad de esta edici\u00f3n ser\u00e1 la ampliaci\u00f3n del congreso a tres d\u00edas, una evoluci\u00f3n que responde al crecimiento del evento y a la creciente demanda del sector energ\u00e9tico italiano. Esta extensi\u00f3n permitir\u00e1 una agenda m\u00e1s amplia y segmentada, as\u00ed como un refuerzo significativo de los espacios y din\u00e1micas de networking, uno de los ejes centrales del congreso.<\/p><p><a href=\"https:\/\/energyear.com\/italia\/\"><span style=\"text-decoration: underline;\"><span style=\"color: #3366ff; text-decoration: underline;\"><span style=\"color: #000080; text-decoration: underline;\">Energyear Italia<\/span><\/span><\/span><\/a> reforzar\u00e1 as\u00ed su posicionamiento como plataforma de negocio y conexi\u00f3n entre empresas, inversores y actores clave del ecosistema energ\u00e9tico de la regi\u00f3n, en un momento marcado por la aceleraci\u00f3n de la transici\u00f3n energ\u00e9tica en Italia.<\/p><h2><strong>Networking como eje estrat\u00e9gico del evento<\/strong><\/h2><p>Energyear Italia 2026 reforzar\u00e1 su propuesta de valor situando el networking profesional en el centro de la experiencia, con una combinaci\u00f3n de espacios f\u00edsicos y herramientas digitales dise\u00f1adas para facilitar conexiones de alto valor, impulsar nuevas oportunidades de negocio y favorecer la interacci\u00f3n entre los principales actores del sector.<\/p><p>La gesti\u00f3n de reuniones ser\u00e1 uno de los grandes pilares del evento. A trav\u00e9s de la APP oficial, los asistentes podr\u00e1n acceder al listado de participantes, solicitar encuentros B2B y organizar su agenda de forma \u00e1gil. Adem\u00e1s, la organizaci\u00f3n habilitar\u00e1 un \u00e1rea exclusiva de networking con mesas numeradas para reuniones de 20 minutos, asignadas autom\u00e1ticamente por la herramienta una vez confirmado cada encuentro.<\/p><p>La experiencia se completar\u00e1 con espacios permanentes de networking, workshops, almuerzos, salas privadas, c\u00f3cteles y una cena VIP para patrocinadores, creando un entorno de alto nivel pensado para conectar, compartir conocimiento y generar relaciones estrat\u00e9gicas en un formato \u00e1gil, eficiente y orientado a resultados.<\/p><h2><strong>Tres d\u00edas de agenda centrados en el futuro del sector<\/strong><\/h2><p>La agenda de Energyear Italia 2026 se estructurar\u00e1 en torno a tres grandes bloques tem\u00e1ticos distribuidos en los tres d\u00edas del evento.<\/p><p>El primer d\u00eda estar\u00e1 centrado en el desarrollo de proyectos renovables en Italia, abordando cuestiones como el permitting, el acceso a red, la ejecuci\u00f3n de proyectos solares utility-scale, la bancabilidad y la competitividad tecnol\u00f3gica. Tambi\u00e9n se analizar\u00e1n nuevas soluciones como la agrivoltaica y la optimizaci\u00f3n del dise\u00f1o de proyectos.<\/p><p>El segundo d\u00eda estar\u00e1 dedicado al almacenamiento energ\u00e9tico (BESS), con sesiones enfocadas en la evoluci\u00f3n del mercado italiano de bater\u00edas, modelos de negocio, integraci\u00f3n en red, hibridaci\u00f3n con solar, estrategias de monetizaci\u00f3n y bancabilidad de proyectos de almacenamiento.<\/p><p>El tercer d\u00eda se centrar\u00e1 en la demanda energ\u00e9tica y los nuevos consumidores, con especial atenci\u00f3n al papel de los data centers, la industria y los grandes consumidores el\u00e9ctricos. Tambi\u00e9n se abordar\u00e1n estrategias de contrataci\u00f3n mediante PPAs, gesti\u00f3n de energ\u00eda behind-the-meter, digitalizaci\u00f3n y uso de inteligencia artificial para la optimizaci\u00f3n del consumo.<\/p><h2><strong>Italia como mercado energ\u00e9tico en transformaci\u00f3n<\/strong><\/h2><p>El evento se celebrar\u00e1 en un contexto de fuerte transformaci\u00f3n del sistema energ\u00e9tico italiano, caracterizado por el crecimiento sostenido de las energ\u00edas renovables y el aumento de la demanda el\u00e9ctrica. Seg\u00fan <span style=\"text-decoration: underline;\"><span style=\"color: #3366ff;\"><a style=\"color: #3366ff; text-decoration: underline;\" href=\"https:\/\/www.review-energy.com\/otras-fuentes\/renewables-grow-278-in-italy-in-february-driven-by-wind\"><span style=\"color: #000080; text-decoration: underline;\">datos recientes de Terna<\/span><\/a><\/span><\/span>, la generaci\u00f3n renovable en Italia ha registrado un crecimiento del 27,8% en febrero de 2026, impulsada principalmente por la energ\u00eda e\u00f3lica, que se posiciona como la principal fuente de generaci\u00f3n del pa\u00eds.<\/p><p>Este escenario sit\u00faa a Italia como uno de los mercados m\u00e1s din\u00e1micos del sur de Europa, aunque tambi\u00e9n expone retos estructurales relacionados con la congesti\u00f3n de red, los tiempos de tramitaci\u00f3n y la necesidad de nuevas inversiones en infraestructura el\u00e9ctrica.<\/p>\t\t\t\t\t\t\t\t<\/div>\n\t\t\t\t<\/div>\n\t\t\t\t\t<\/div>\n\t\t\t\t<\/div>\n\t\t<div class=\"elementor-element elementor-element-dcc7883 e-flex e-con-boxed e-con e-parent\" data-id=\"dcc7883\" data-element_type=\"container\" data-e-type=\"container\" data-settings=\"{&quot;jet_parallax_layout_list&quot;:[]}\">\n\t\t\t\t\t<div class=\"e-con-inner\">\n\t\t<div class=\"elementor-element elementor-element-363610a e-con-full e-flex e-con e-child\" data-id=\"363610a\" data-element_type=\"container\" data-e-type=\"container\" data-settings=\"{&quot;jet_parallax_layout_list&quot;:[]}\">\n\t\t\t\t<div class=\"elementor-element elementor-element-75fe7ee elementor-widget elementor-widget-text-editor\" data-id=\"75fe7ee\" data-element_type=\"widget\" data-e-type=\"widget\" data-widget_type=\"text-editor.default\">\n\t\t\t\t\t\t\t\t\t<h2><strong>Sobre Energyear Italia<\/strong><\/h2><p><span style=\"text-decoration: underline; color: #000080;\"><a style=\"color: #000080; text-decoration: underline;\" href=\"https:\/\/energyear.com\/italia\/\">Energyear Italia<\/a><\/span> es un evento de referencia en el \u00e1mbito de las energ\u00edas renovables que re\u00fane a l\u00edderes empresariales, inversores, instituciones y expertos para debatir sobre el presente y futuro del sector, impulsando la transici\u00f3n hacia un modelo energ\u00e9tico m\u00e1s sostenible en Italia y Europa.<\/p><p>Contacto de prensa:\u00a0<br \/>Luis Monta\u00f1o \u2013 Mkt &amp; Coms | <span style=\"text-decoration: underline; color: #000080;\"><a style=\"color: #000080; text-decoration: underline;\" href=\"mailto:luis@energyear.com\" target=\"_blank\" rel=\"noopener\">luis@energyear.com<\/a><\/span> +34 618 56 12 11<\/p>\t\t\t\t\t\t\t\t<\/div>\n\t\t\t\t<\/div>\n\t\t<div class=\"elementor-element elementor-element-73cd866 e-flex e-con-boxed e-con e-child\" data-id=\"73cd866\" data-element_type=\"container\" data-e-type=\"container\" data-settings=\"{&quot;jet_parallax_layout_list&quot;:[]}\">\n\t\t\t\t\t<div class=\"e-con-inner\">\n\t\t\t\t<div class=\"elementor-element elementor-element-07ee40f elementor-widget elementor-widget-image\" data-id=\"07ee40f\" data-element_type=\"widget\" data-e-type=\"widget\" data-widget_type=\"image.default\">\n\t\t\t\t\t\t\t\t\t\t\t\t\t\t\t\t<a href=\"https:\/\/energyear.com\/italia\/\">\n\t\t\t\t\t\t\t<img loading=\"lazy\" decoding=\"async\" width=\"2560\" height=\"675\" src=\"https:\/\/energyear.com\/wp-content\/uploads\/2026\/08\/italia-2026-NEW-scaled.png\" class=\"attachment-full size-full wp-image-88144\" alt=\"\" srcset=\"https:\/\/energyear.com\/wp-content\/uploads\/2026\/08\/italia-2026-NEW-scaled.png 2560w, https:\/\/energyear.com\/wp-content\/uploads\/2026\/08\/italia-2026-NEW-300x79.png 300w, https:\/\/energyear.com\/wp-content\/uploads\/2026\/08\/italia-2026-NEW-1024x270.png 1024w, https:\/\/energyear.com\/wp-content\/uploads\/2026\/08\/italia-2026-NEW-768x202.png 768w, https:\/\/energyear.com\/wp-content\/uploads\/2026\/08\/italia-2026-NEW-1536x405.png 1536w, https:\/\/energyear.com\/wp-content\/uploads\/2026\/08\/italia-2026-NEW-2048x540.png 2048w, https:\/\/energyear.com\/wp-content\/uploads\/2026\/08\/italia-2026-NEW-600x158.png 600w\" sizes=\"auto, (max-width: 2560px) 100vw, 2560px\" \/>\t\t\t\t\t\t\t\t<\/a>\n\t\t\t\t\t\t\t\t\t\t\t\t\t\t\t<\/div>\n\t\t\t\t<div class=\"elementor-element elementor-element-9413715 elementor-share-buttons--view-icon-text elementor-share-buttons--skin-gradient elementor-share-buttons--shape-square elementor-grid-0 elementor-share-buttons--color-official elementor-widget elementor-widget-share-buttons\" data-id=\"9413715\" data-element_type=\"widget\" data-e-type=\"widget\" data-widget_type=\"share-buttons.default\">\n\t\t\t\t\t\t\t<div class=\"elementor-grid\" role=\"list\">\n\t\t\t\t\t\t\t\t<div class=\"elementor-grid-item\" role=\"listitem\">\n\t\t\t\t\t\t<div class=\"elementor-share-btn elementor-share-btn_linkedin\" role=\"button\" tabindex=\"0\" aria-label=\"Compartir en linkedin\">\n\t\t\t\t\t\t\t\t\t\t\t\t\t\t\t<span class=\"elementor-share-btn__icon\">\n\t\t\t\t\t\t\t\t<i class=\"fab fa-linkedin\" aria-hidden=\"true\"><\/i>\t\t\t\t\t\t\t<\/span>\n\t\t\t\t\t\t\t\t\t\t\t\t\t\t\t\t\t\t\t\t\t\t<div class=\"elementor-share-btn__text\">\n\t\t\t\t\t\t\t\t\t\t\t\t\t\t\t\t\t\t\t<span class=\"elementor-share-btn__title\">\n\t\t\t\t\t\t\t\t\t\tLinkedIn\t\t\t\t\t\t\t\t\t<\/span>\n\t\t\t\t\t\t\t\t\t\t\t\t\t\t\t\t\t<\/div>\n\t\t\t\t\t\t\t\t\t\t\t\t\t<\/div>\n\t\t\t\t\t<\/div>\n\t\t\t\t\t\t\t\t\t<div class=\"elementor-grid-item\" role=\"listitem\">\n\t\t\t\t\t\t<div class=\"elementor-share-btn elementor-share-btn_facebook\" role=\"button\" tabindex=\"0\" aria-label=\"Compartir en facebook\">\n\t\t\t\t\t\t\t\t\t\t\t\t\t\t\t<span class=\"elementor-share-btn__icon\">\n\t\t\t\t\t\t\t\t<i class=\"fab fa-facebook\" aria-hidden=\"true\"><\/i>\t\t\t\t\t\t\t<\/span>\n\t\t\t\t\t\t\t\t\t\t\t\t\t\t\t\t\t\t\t\t\t\t<div class=\"elementor-share-btn__text\">\n\t\t\t\t\t\t\t\t\t\t\t\t\t\t\t\t\t\t\t<span class=\"elementor-share-btn__title\">\n\t\t\t\t\t\t\t\t\t\tFacebook\t\t\t\t\t\t\t\t\t<\/span>\n\t\t\t\t\t\t\t\t\t\t\t\t\t\t\t\t\t<\/div>\n\t\t\t\t\t\t\t\t\t\t\t\t\t<\/div>\n\t\t\t\t\t<\/div>\n\t\t\t\t\t\t\t\t\t<div class=\"elementor-grid-item\" role=\"listitem\">\n\t\t\t\t\t\t<div class=\"elementor-share-btn elementor-share-btn_x-twitter\" role=\"button\" tabindex=\"0\" aria-label=\"Compartir en x-twitter\">\n\t\t\t\t\t\t\t\t\t\t\t\t\t\t\t<span class=\"elementor-share-btn__icon\">\n\t\t\t\t\t\t\t\t<i class=\"fab fa-x-twitter\" aria-hidden=\"true\"><\/i>\t\t\t\t\t\t\t<\/span>\n\t\t\t\t\t\t\t\t\t\t\t\t\t\t\t\t\t\t\t\t\t\t<div class=\"elementor-share-btn__text\">\n\t\t\t\t\t\t\t\t\t\t\t\t\t\t\t\t\t\t\t<span class=\"elementor-share-btn__title\">\n\t\t\t\t\t\t\t\t\t\tX\t\t\t\t\t\t\t\t\t<\/span>\n\t\t\t\t\t\t\t\t\t\t\t\t\t\t\t\t\t<\/div>\n\t\t\t\t\t\t\t\t\t\t\t\t\t<\/div>\n\t\t\t\t\t<\/div>\n\t\t\t\t\t\t\t\t\t<div class=\"elementor-grid-item\" role=\"listitem\">\n\t\t\t\t\t\t<div class=\"elementor-share-btn elementor-share-btn_whatsapp\" role=\"button\" tabindex=\"0\" aria-label=\"Compartir en whatsapp\">\n\t\t\t\t\t\t\t\t\t\t\t\t\t\t\t<span class=\"elementor-share-btn__icon\">\n\t\t\t\t\t\t\t\t<i class=\"fab fa-whatsapp\" aria-hidden=\"true\"><\/i>\t\t\t\t\t\t\t<\/span>\n\t\t\t\t\t\t\t\t\t\t\t\t\t\t\t\t\t\t\t\t\t\t<div class=\"elementor-share-btn__text\">\n\t\t\t\t\t\t\t\t\t\t\t\t\t\t\t\t\t\t\t<span class=\"elementor-share-btn__title\">\n\t\t\t\t\t\t\t\t\t\tWhatsApp\t\t\t\t\t\t\t\t\t<\/span>\n\t\t\t\t\t\t\t\t\t\t\t\t\t\t\t\t\t<\/div>\n\t\t\t\t\t\t\t\t\t\t\t\t\t<\/div>\n\t\t\t\t\t<\/div>\n\t\t\t\t\t\t\t\t\t<div class=\"elementor-grid-item\" role=\"listitem\">\n\t\t\t\t\t\t<div class=\"elementor-share-btn elementor-share-btn_email\" role=\"button\" tabindex=\"0\" aria-label=\"Compartir en email\">\n\t\t\t\t\t\t\t\t\t\t\t\t\t\t\t<span class=\"elementor-share-btn__icon\">\n\t\t\t\t\t\t\t\t<i class=\"fas fa-envelope\" aria-hidden=\"true\"><\/i>\t\t\t\t\t\t\t<\/span>\n\t\t\t\t\t\t\t\t\t\t\t\t\t\t\t\t\t\t\t\t\t\t<div class=\"elementor-share-btn__text\">\n\t\t\t\t\t\t\t\t\t\t\t\t\t\t\t\t\t\t\t<span class=\"elementor-share-btn__title\">\n\t\t\t\t\t\t\t\t\t\tEmail\t\t\t\t\t\t\t\t\t<\/span>\n\t\t\t\t\t\t\t\t\t\t\t\t\t\t\t\t\t<\/div>\n\t\t\t\t\t\t\t\t\t\t\t\t\t<\/div>\n\t\t\t\t\t<\/div>\n\t\t\t\t\t\t<\/div>\n\t\t\t\t\t\t<\/div>\n\t\t\t\t\t<\/div>\n\t\t\t\t<\/div>\n\t\t\t\t\t<\/div>\n\t\t\t\t<\/div>\n\t\t<div class=\"elementor-element elementor-element-4759280 e-flex e-con-boxed e-con e-parent\" data-id=\"4759280\" data-element_type=\"container\" data-e-type=\"container\" data-settings=\"{&quot;jet_parallax_layout_list&quot;:[]}\">\n\t\t\t\t\t<div class=\"e-con-inner\">\n\t\t<div class=\"elementor-element elementor-element-1c70f04 e-con-full e-flex e-con e-child\" data-id=\"1c70f04\" data-element_type=\"container\" data-e-type=\"container\" data-settings=\"{&quot;jet_parallax_layout_list&quot;:[]}\">\n\t\t\t\t<div class=\"elementor-element elementor-element-d5c99c7 elementor-align-center elementor-button-info elementor-widget elementor-widget-button\" data-id=\"d5c99c7\" data-element_type=\"widget\" data-e-type=\"widget\" data-settings=\"{&quot;_animation&quot;:&quot;none&quot;}\" data-widget_type=\"button.default\">\n\t\t\t\t\t\t\t\t\t\t<a class=\"elementor-button elementor-button-link elementor-size-lg\" href=\"https:\/\/energyear.com\/italia\/\">\n\t\t\t\t\t\t<span class=\"elementor-button-content-wrapper\">\n\t\t\t\t\t\t\t\t\t<span class=\"elementor-button-text\">M\u00e1s informaci\u00f3n sobre Energyear Italia<\/span>\n\t\t\t\t\t<\/span>\n\t\t\t\t\t<\/a>\n\t\t\t\t\t\t\t\t<\/div>\n\t\t\t\t<\/div>\n\t\t<div class=\"elementor-element elementor-element-da539fa e-con-full e-flex e-con e-child\" data-id=\"da539fa\" data-element_type=\"container\" data-e-type=\"container\" data-settings=\"{&quot;jet_parallax_layout_list&quot;:[]}\">\n\t\t\t\t<div class=\"elementor-element elementor-element-c793bf6 elementor-align-center elementor-button-info elementor-widget elementor-widget-button\" data-id=\"c793bf6\" data-element_type=\"widget\" data-e-type=\"widget\" data-settings=\"{&quot;_animation&quot;:&quot;none&quot;}\" data-widget_type=\"button.default\">\n\t\t\t\t\t\t\t\t\t\t<a class=\"elementor-button elementor-button-link elementor-size-lg\" href=\"https:\/\/energyear.com\/wp-content\/uploads\/2026\/08\/NOTA-DE-PRENSA-ENERGYEAR-ITALIA-2026-EN-img.pdf\" target=\"_blank\">\n\t\t\t\t\t\t<span class=\"elementor-button-content-wrapper\">\n\t\t\t\t\t\t\t\t\t<span class=\"elementor-button-text\">Descargar Nota de prensa en pdf<\/span>\n\t\t\t\t\t<\/span>\n\t\t\t\t\t<\/a>\n\t\t\t\t\t\t\t\t<\/div>\n\t\t\t\t<\/div>\n\t\t<div class=\"elementor-element elementor-element-ba17429 e-con-full e-flex e-con e-child\" data-id=\"ba17429\" data-element_type=\"container\" data-e-type=\"container\" data-settings=\"{&quot;jet_parallax_layout_list&quot;:[]}\">\n\t\t\t\t<div class=\"elementor-element elementor-element-0a239f7 elementor-align-center elementor-button-info elementor-widget elementor-widget-button\" data-id=\"0a239f7\" data-element_type=\"widget\" data-e-type=\"widget\" data-settings=\"{&quot;_animation&quot;:&quot;none&quot;}\" data-widget_type=\"button.default\">\n\t\t\t\t\t\t\t\t\t\t<a class=\"elementor-button elementor-button-link elementor-size-lg\" href=\"https:\/\/energyear.com\/wp-content\/uploads\/2026\/08\/NOTA-DE-PRENSA-ENERGYEAR-ITALIA-2026-EN-img.docx\" target=\"_blank\">\n\t\t\t\t\t\t<span class=\"elementor-button-content-wrapper\">\n\t\t\t\t\t\t\t\t\t<span class=\"elementor-button-text\">Descargar Nota de prensa en word<\/span>\n\t\t\t\t\t<\/span>\n\t\t\t\t\t<\/a>\n\t\t\t\t\t\t\t\t<\/div>\n\t\t\t\t<\/div>\n\t\t\t\t\t<\/div>\n\t\t\t\t<\/div>\n\t\t<div class=\"elementor-element elementor-element-e64e441 e-flex e-con-boxed e-con e-parent\" data-id=\"e64e441\" data-element_type=\"container\" data-e-type=\"container\" data-settings=\"{&quot;jet_parallax_layout_list&quot;:[]}\">\n\t\t\t\t\t<div class=\"e-con-inner\">\n\t\t\t\t<div class=\"elementor-element elementor-element-5cb97d8 elementor-widget-divider--view-line elementor-widget elementor-widget-divider\" data-id=\"5cb97d8\" data-element_type=\"widget\" data-e-type=\"widget\" data-widget_type=\"divider.default\">\n\t\t\t\t\t\t\t<div class=\"elementor-divider\">\n\t\t\t<span class=\"elementor-divider-separator\">\n\t\t\t\t\t\t<\/span>\n\t\t<\/div>\n\t\t\t\t\t\t<\/div>\n\t\t\t\t<div class=\"elementor-element elementor-element-066c4af elementor-grid-3 elementor-grid-tablet-2 elementor-grid-mobile-1 elementor-posts--thumbnail-top elementor-widget elementor-widget-posts\" data-id=\"066c4af\" data-element_type=\"widget\" data-e-type=\"widget\" data-settings=\"{&quot;classic_columns&quot;:&quot;3&quot;,&quot;classic_columns_tablet&quot;:&quot;2&quot;,&quot;classic_columns_mobile&quot;:&quot;1&quot;,&quot;classic_row_gap&quot;:{&quot;unit&quot;:&quot;px&quot;,&quot;size&quot;:35,&quot;sizes&quot;:[]},&quot;classic_row_gap_tablet&quot;:{&quot;unit&quot;:&quot;px&quot;,&quot;size&quot;:&quot;&quot;,&quot;sizes&quot;:[]},&quot;classic_row_gap_mobile&quot;:{&quot;unit&quot;:&quot;px&quot;,&quot;size&quot;:&quot;&quot;,&quot;sizes&quot;:[]}}\" data-widget_type=\"posts.classic\">\n\t\t\t\t<div class=\"elementor-widget-container\">\n\t\t\t\t\t\t\t<div class=\"elementor-posts-container elementor-posts elementor-posts--skin-classic elementor-grid\" role=\"list\">\n\t\t\t\t<article class=\"elementor-post elementor-grid-item post-88435 post type-post status-publish format-standard has-post-thumbnail hentry category-notas-de-prensa tag-argentina tag-latam\" role=\"listitem\">\n\t\t\t\t<a class=\"elementor-post__thumbnail__link\" href=\"https:\/\/energyear.com\/es\/notas-de-prensa\/principales-actores-sector-energetico-reunen-futuro-renovable-argentina\/\" tabindex=\"-1\" >\n\t\t\t<div class=\"elementor-post__thumbnail\"><img loading=\"lazy\" decoding=\"async\" width=\"300\" height=\"200\" src=\"https:\/\/energyear.com\/wp-content\/uploads\/2026\/08\/Principales-actores-del-sector-energetico-se-reunen-para-debatir-el-futuro-renovable-de-Argentina-300x200.jpg\" class=\"attachment-medium size-medium wp-image-88436\" alt=\"Principales actores del sector energ\u00e9tico se re\u00fanen para debatir el futuro renovable de Argentina\" srcset=\"https:\/\/energyear.com\/wp-content\/uploads\/2026\/08\/Principales-actores-del-sector-energetico-se-reunen-para-debatir-el-futuro-renovable-de-Argentina-300x200.jpg 300w, https:\/\/energyear.com\/wp-content\/uploads\/2026\/08\/Principales-actores-del-sector-energetico-se-reunen-para-debatir-el-futuro-renovable-de-Argentina-1024x684.jpg 1024w, https:\/\/energyear.com\/wp-content\/uploads\/2026\/08\/Principales-actores-del-sector-energetico-se-reunen-para-debatir-el-futuro-renovable-de-Argentina-768x513.jpg 768w, https:\/\/energyear.com\/wp-content\/uploads\/2026\/08\/Principales-actores-del-sector-energetico-se-reunen-para-debatir-el-futuro-renovable-de-Argentina-1536x1025.jpg 1536w, https:\/\/energyear.com\/wp-content\/uploads\/2026\/08\/Principales-actores-del-sector-energetico-se-reunen-para-debatir-el-futuro-renovable-de-Argentina-600x400.jpg 600w, https:\/\/energyear.com\/wp-content\/uploads\/2026\/08\/Principales-actores-del-sector-energetico-se-reunen-para-debatir-el-futuro-renovable-de-Argentina-66x43.jpg 66w, https:\/\/energyear.com\/wp-content\/uploads\/2026\/08\/Principales-actores-del-sector-energetico-se-reunen-para-debatir-el-futuro-renovable-de-Argentina.jpg 2048w\" sizes=\"auto, (max-width: 300px) 100vw, 300px\" \/><\/div>\n\t\t<\/a>\n\t\t\t\t<div class=\"elementor-post__text\">\n\t\t\t\t<h3 class=\"elementor-post__title\">\n\t\t\t<a href=\"https:\/\/energyear.com\/es\/notas-de-prensa\/principales-actores-sector-energetico-reunen-futuro-renovable-argentina\/\" >\n\t\t\t\tPrincipales actores del sector energ\u00e9tico se re\u00fanen para debatir el futuro renovable de Argentina\t\t\t<\/a>\n\t\t<\/h3>\n\t\t\t\t<div class=\"elementor-post__meta-data\">\n\t\t\t\t\t<span class=\"elementor-post-author\">\n\t\t\tEnergyear\t\t<\/span>\n\t\t\t\t<span class=\"elementor-post-date\">\n\t\t\t31\/08\/2026\t\t<\/span>\n\t\t\t\t<\/div>\n\t\t\n\t\t<a class=\"elementor-post__read-more\" href=\"https:\/\/energyear.com\/es\/notas-de-prensa\/principales-actores-sector-energetico-reunen-futuro-renovable-argentina\/\" aria-label=\"M\u00e1s informaci\u00f3n sobre Principales actores del sector energ\u00e9tico se re\u00fanen para debatir el futuro renovable de Argentina\" tabindex=\"-1\" >\n\t\t\tLeer m\u00e1s \u00bb\t\t<\/a>\n\n\t\t\t\t<\/div>\n\t\t\t\t<\/article>\n\t\t\t\t<article class=\"elementor-post elementor-grid-item post-88138 post type-post status-publish format-standard has-post-thumbnail hentry category-notas-de-prensa tag-europa tag-italia\" role=\"listitem\">\n\t\t\t\t<a class=\"elementor-post__thumbnail__link\" href=\"https:\/\/energyear.com\/es\/notas-de-prensa\/milan-reunira-1200-profesionales-transicion-energetica-italia-2026\/\" tabindex=\"-1\" >\n\t\t\t<div class=\"elementor-post__thumbnail\"><img loading=\"lazy\" decoding=\"async\" width=\"300\" height=\"200\" src=\"https:\/\/energyear.com\/wp-content\/uploads\/2026\/08\/PS82518-300x200.jpg\" class=\"attachment-medium size-medium wp-image-88139\" alt=\"Mil\u00e1n reunir\u00e1 a m\u00e1s de 1.200 profesionales para analizar los retos de la transici\u00f3n energ\u00e9tica y las renovables en Italia\" srcset=\"https:\/\/energyear.com\/wp-content\/uploads\/2026\/08\/PS82518-300x200.jpg 300w, https:\/\/energyear.com\/wp-content\/uploads\/2026\/08\/PS82518-1024x683.jpg 1024w, https:\/\/energyear.com\/wp-content\/uploads\/2026\/08\/PS82518-768x512.jpg 768w, https:\/\/energyear.com\/wp-content\/uploads\/2026\/08\/PS82518-1536x1024.jpg 1536w, https:\/\/energyear.com\/wp-content\/uploads\/2026\/08\/PS82518-2048x1366.jpg 2048w, https:\/\/energyear.com\/wp-content\/uploads\/2026\/08\/PS82518-600x400.jpg 600w, https:\/\/energyear.com\/wp-content\/uploads\/2026\/08\/PS82518-66x43.jpg 66w\" sizes=\"auto, (max-width: 300px) 100vw, 300px\" \/><\/div>\n\t\t<\/a>\n\t\t\t\t<div class=\"elementor-post__text\">\n\t\t\t\t<h3 class=\"elementor-post__title\">\n\t\t\t<a href=\"https:\/\/energyear.com\/es\/notas-de-prensa\/milan-reunira-1200-profesionales-transicion-energetica-italia-2026\/\" >\n\t\t\t\tMil\u00e1n reunir\u00e1 a m\u00e1s de 1.200 profesionales para analizar los retos de la transici\u00f3n energ\u00e9tica y las renovables en Italia\t\t\t<\/a>\n\t\t<\/h3>\n\t\t\t\t<div class=\"elementor-post__meta-data\">\n\t\t\t\t\t<span class=\"elementor-post-author\">\n\t\t\tEnergyear SL\t\t<\/span>\n\t\t\t\t<span class=\"elementor-post-date\">\n\t\t\t25\/08\/2026\t\t<\/span>\n\t\t\t\t<\/div>\n\t\t\n\t\t<a class=\"elementor-post__read-more\" href=\"https:\/\/energyear.com\/es\/notas-de-prensa\/milan-reunira-1200-profesionales-transicion-energetica-italia-2026\/\" aria-label=\"M\u00e1s informaci\u00f3n sobre Mil\u00e1n reunir\u00e1 a m\u00e1s de 1.200 profesionales para analizar los retos de la transici\u00f3n energ\u00e9tica y las renovables en Italia\" tabindex=\"-1\" >\n\t\t\tLeer m\u00e1s \u00bb\t\t<\/a>\n\n\t\t\t\t<\/div>\n\t\t\t\t<\/article>\n\t\t\t\t<\/div>\n\t\t\n\t\t\t\t\t\t<\/div>\n\t\t\t\t<\/div>\n\t\t\t\t\t<\/div>\n\t\t\t\t<\/div>\n\t\t\t\t<\/div>\n\t\t","protected":false},"excerpt":{"rendered":"<p>Madrid, 21 de julio de 2026. La sexta edici\u00f3n de Energyear Italy tendr\u00e1 lugar del 13 al 15 de octubre en el UNA HOTELS Expo Fiera Milano, y reunir\u00e1 a m\u00e1s de 1.200 asistentes, 100 socios, 120 ponentes y m\u00e1s de 20 sesiones de conferencias.<\/p>\n","protected":false},"author":14,"featured_media":88139,"comment_status":"closed","ping_status":"open","sticky":false,"template":"elementor_header_footer","format":"standard","meta":{"_acf_changed":false,"content-type":"","footnotes":""},"categories":[229],"tags":[244,243],"class_list":["post-88138","post","type-post","status-publish","format-standard","has-post-thumbnail","hentry","category-notas-de-prensa","tag-europa","tag-italia"],"acf":[],"yoast_head":"<!-- This site is optimized with the Yoast SEO plugin v28.3 - https:\/\/yoast.com\/product\/yoast-seo-wordpress\/ -->\n<title>NdP - Mil\u00e1n reunir\u00e1 a m\u00e1s de 1.200 profesionales de las renovables en Italia - Energyear<\/title>\n<meta name=\"description\" content=\"Energyear Italia 2026 celebrar\u00e1 la sexta edici\u00f3n los d\u00edas 13, 14 y 15 de octubre en el UNAHOTELS Expo Fiera Milano, consolid\u00e1ndose como uno de los principales puntos de encuentro del sector de las energ\u00edas renovables en Italia.\" \/>\n<meta name=\"robots\" content=\"index, follow, max-snippet:-1, max-image-preview:large, max-video-preview:-1\" \/>\n<link rel=\"canonical\" href=\"https:\/\/energyear.com\/es\/notas-de-prensa\/milan-reunira-1200-profesionales-transicion-energetica-italia-2026\/\" \/>\n<meta property=\"og:locale\" content=\"es_ES\" \/>\n<meta property=\"og:type\" content=\"article\" \/>\n<meta property=\"og:title\" content=\"NdP - Mil\u00e1n reunir\u00e1 a m\u00e1s de 1.200 profesionales de las renovables en Italia - Energyear\" \/>\n<meta property=\"og:description\" content=\"Energyear Italia 2026 celebrar\u00e1 la sexta edici\u00f3n los d\u00edas 13, 14 y 15 de octubre en el UNAHOTELS Expo Fiera Milano, consolid\u00e1ndose como uno de los principales puntos de encuentro del sector de las energ\u00edas renovables en Italia.\" \/>\n<meta property=\"og:url\" content=\"https:\/\/energyear.com\/es\/notas-de-prensa\/milan-reunira-1200-profesionales-transicion-energetica-italia-2026\/\" \/>\n<meta property=\"og:site_name\" content=\"Energyear\" \/>\n<meta property=\"article:published_time\" content=\"2026-08-25T11:12:39+00:00\" \/>\n<meta property=\"article:modified_time\" content=\"2026-08-31T16:23:00+00:00\" \/>\n<meta property=\"og:image\" content=\"https:\/\/energyear.com\/wp-content\/uploads\/2026\/08\/PS82518-scaled.jpg\" \/>\n\t<meta property=\"og:image:width\" content=\"2560\" \/>\n\t<meta property=\"og:image:height\" content=\"1707\" \/>\n\t<meta property=\"og:image:type\" content=\"image\/jpeg\" \/>\n<meta name=\"author\" content=\"Energyear SL\" \/>\n<meta name=\"twitter:card\" content=\"summary_large_image\" \/>\n<meta name=\"twitter:label1\" content=\"Escrito por\" \/>\n\t<meta name=\"twitter:data1\" content=\"Energyear SL\" \/>\n\t<meta name=\"twitter:label2\" content=\"Tiempo de lectura\" \/>\n\t<meta name=\"twitter:data2\" content=\"4 minutos\" \/>\n<script type=\"application\/ld+json\" class=\"yoast-schema-graph\">{\"@context\":\"https:\\\/\\\/schema.org\",\"@graph\":[{\"@type\":\"Article\",\"@id\":\"https:\\\/\\\/energyear.com\\\/notas-de-prensa\\\/milan-reunira-1200-profesionales-transicion-energetica-italia-2026\\\/#article\",\"isPartOf\":{\"@id\":\"https:\\\/\\\/energyear.com\\\/notas-de-prensa\\\/milan-reunira-1200-profesionales-transicion-energetica-italia-2026\\\/\"},\"author\":{\"name\":\"Energyear SL\",\"@id\":\"https:\\\/\\\/energyear.com\\\/es\\\/#\\\/schema\\\/person\\\/0e9d50001a4910a218795dd9b822c8f8\"},\"headline\":\"Mil\u00e1n reunir\u00e1 a m\u00e1s de 1.200 profesionales para analizar los retos de la transici\u00f3n energ\u00e9tica y las renovables en Italia\",\"datePublished\":\"2026-08-25T11:12:39+00:00\",\"dateModified\":\"2026-08-31T16:23:00+00:00\",\"mainEntityOfPage\":{\"@id\":\"https:\\\/\\\/energyear.com\\\/notas-de-prensa\\\/milan-reunira-1200-profesionales-transicion-energetica-italia-2026\\\/\"},\"wordCount\":788,\"publisher\":{\"@id\":\"https:\\\/\\\/energyear.com\\\/es\\\/#organization\"},\"image\":{\"@id\":\"https:\\\/\\\/energyear.com\\\/notas-de-prensa\\\/milan-reunira-1200-profesionales-transicion-energetica-italia-2026\\\/#primaryimage\"},\"thumbnailUrl\":\"https:\\\/\\\/energyear.com\\\/wp-content\\\/uploads\\\/2026\\\/08\\\/PS82518-scaled.jpg\",\"keywords\":[\"Europa\",\"Italia\"],\"articleSection\":[\"Notas de prensa\"],\"inLanguage\":\"es\"},{\"@type\":\"WebPage\",\"@id\":\"https:\\\/\\\/energyear.com\\\/notas-de-prensa\\\/milan-reunira-1200-profesionales-transicion-energetica-italia-2026\\\/\",\"url\":\"https:\\\/\\\/energyear.com\\\/notas-de-prensa\\\/milan-reunira-1200-profesionales-transicion-energetica-italia-2026\\\/\",\"name\":\"NdP - Mil\u00e1n reunir\u00e1 a m\u00e1s de 1.200 profesionales de las renovables en Italia - Energyear\",\"isPartOf\":{\"@id\":\"https:\\\/\\\/energyear.com\\\/es\\\/#website\"},\"primaryImageOfPage\":{\"@id\":\"https:\\\/\\\/energyear.com\\\/notas-de-prensa\\\/milan-reunira-1200-profesionales-transicion-energetica-italia-2026\\\/#primaryimage\"},\"image\":{\"@id\":\"https:\\\/\\\/energyear.com\\\/notas-de-prensa\\\/milan-reunira-1200-profesionales-transicion-energetica-italia-2026\\\/#primaryimage\"},\"thumbnailUrl\":\"https:\\\/\\\/energyear.com\\\/wp-content\\\/uploads\\\/2026\\\/08\\\/PS82518-scaled.jpg\",\"datePublished\":\"2026-08-25T11:12:39+00:00\",\"dateModified\":\"2026-08-31T16:23:00+00:00\",\"description\":\"Energyear Italia 2026 celebrar\u00e1 la sexta edici\u00f3n los d\u00edas 13, 14 y 15 de octubre en el UNAHOTELS Expo Fiera Milano, consolid\u00e1ndose como uno de los principales puntos de encuentro del sector de las energ\u00edas renovables en Italia.\",\"breadcrumb\":{\"@id\":\"https:\\\/\\\/energyear.com\\\/notas-de-prensa\\\/milan-reunira-1200-profesionales-transicion-energetica-italia-2026\\\/#breadcrumb\"},\"inLanguage\":\"es\",\"potentialAction\":[{\"@type\":\"ReadAction\",\"target\":[\"https:\\\/\\\/energyear.com\\\/notas-de-prensa\\\/milan-reunira-1200-profesionales-transicion-energetica-italia-2026\\\/\"]}]},{\"@type\":\"ImageObject\",\"inLanguage\":\"es\",\"@id\":\"https:\\\/\\\/energyear.com\\\/notas-de-prensa\\\/milan-reunira-1200-profesionales-transicion-energetica-italia-2026\\\/#primaryimage\",\"url\":\"https:\\\/\\\/energyear.com\\\/wp-content\\\/uploads\\\/2026\\\/08\\\/PS82518-scaled.jpg\",\"contentUrl\":\"https:\\\/\\\/energyear.com\\\/wp-content\\\/uploads\\\/2026\\\/08\\\/PS82518-scaled.jpg\",\"width\":2560,\"height\":1707,\"caption\":\"Mil\u00e1n reunir\u00e1 a m\u00e1s de 1.200 profesionales para analizar los retos de la transici\u00f3n energ\u00e9tica y las renovables en Italia\"},{\"@type\":\"BreadcrumbList\",\"@id\":\"https:\\\/\\\/energyear.com\\\/notas-de-prensa\\\/milan-reunira-1200-profesionales-transicion-energetica-italia-2026\\\/#breadcrumb\",\"itemListElement\":[{\"@type\":\"ListItem\",\"position\":1,\"name\":\"Portada\",\"item\":\"https:\\\/\\\/energyear.com\\\/\"},{\"@type\":\"ListItem\",\"position\":2,\"name\":\"Mil\u00e1n reunir\u00e1 a m\u00e1s de 1.200 profesionales para analizar los retos de la transici\u00f3n energ\u00e9tica y las renovables en Italia\"}]},{\"@type\":\"WebSite\",\"@id\":\"https:\\\/\\\/energyear.com\\\/es\\\/#website\",\"url\":\"https:\\\/\\\/energyear.com\\\/es\\\/\",\"name\":\"Energyear\",\"description\":\"Eventos de Energ\u00edas Renovables y Movilidad\",\"publisher\":{\"@id\":\"https:\\\/\\\/energyear.com\\\/es\\\/#organization\"},\"potentialAction\":[{\"@type\":\"SearchAction\",\"target\":{\"@type\":\"EntryPoint\",\"urlTemplate\":\"https:\\\/\\\/energyear.com\\\/es\\\/?s={search_term_string}\"},\"query-input\":{\"@type\":\"PropertyValueSpecification\",\"valueRequired\":true,\"valueName\":\"search_term_string\"}}],\"inLanguage\":\"es\"},{\"@type\":\"Organization\",\"@id\":\"https:\\\/\\\/energyear.com\\\/es\\\/#organization\",\"name\":\"Energyear\",\"url\":\"https:\\\/\\\/energyear.com\\\/es\\\/\",\"logo\":{\"@type\":\"ImageObject\",\"inLanguage\":\"es\",\"@id\":\"https:\\\/\\\/energyear.com\\\/es\\\/#\\\/schema\\\/logo\\\/image\\\/\",\"url\":\"https:\\\/\\\/energyear.com\\\/wp-content\\\/uploads\\\/2022\\\/01\\\/logo_energyear_f.svg\",\"contentUrl\":\"https:\\\/\\\/energyear.com\\\/wp-content\\\/uploads\\\/2022\\\/01\\\/logo_energyear_f.svg\",\"width\":100,\"height\":100,\"caption\":\"Energyear\"},\"image\":{\"@id\":\"https:\\\/\\\/energyear.com\\\/es\\\/#\\\/schema\\\/logo\\\/image\\\/\"}},{\"@type\":\"Person\",\"@id\":\"https:\\\/\\\/energyear.com\\\/es\\\/#\\\/schema\\\/person\\\/0e9d50001a4910a218795dd9b822c8f8\",\"name\":\"Energyear SL\",\"image\":{\"@type\":\"ImageObject\",\"inLanguage\":\"es\",\"@id\":\"https:\\\/\\\/energyear.com\\\/wp-content\\\/litespeed\\\/avatar\\\/43a3da17ec6a1ff96601a7d947b79cb9.jpg?ver=1788178410\",\"url\":\"https:\\\/\\\/energyear.com\\\/wp-content\\\/litespeed\\\/avatar\\\/43a3da17ec6a1ff96601a7d947b79cb9.jpg?ver=1788178410\",\"contentUrl\":\"https:\\\/\\\/energyear.com\\\/wp-content\\\/litespeed\\\/avatar\\\/43a3da17ec6a1ff96601a7d947b79cb9.jpg?ver=1788178410\",\"caption\":\"Energyear SL\"},\"url\":\"https:\\\/\\\/energyear.com\\\/es\\\/author\\\/marketing\\\/\"}]}<\/script>\n<!-- \/ Yoast SEO plugin. -->","yoast_head_json":{"title":"NdP - Mil\u00e1n reunir\u00e1 a m\u00e1s de 1.200 profesionales de las renovables en Italia - Energyear","description":"Energyear Italia 2026 celebrar\u00e1 la sexta edici\u00f3n los d\u00edas 13, 14 y 15 de octubre en el UNAHOTELS Expo Fiera Milano, consolid\u00e1ndose como uno de los principales puntos de encuentro del sector de las energ\u00edas renovables en Italia.","robots":{"index":"index","follow":"follow","max-snippet":"max-snippet:-1","max-image-preview":"max-image-preview:large","max-video-preview":"max-video-preview:-1"},"canonical":"https:\/\/energyear.com\/es\/notas-de-prensa\/milan-reunira-1200-profesionales-transicion-energetica-italia-2026\/","og_locale":"es_ES","og_type":"article","og_title":"NdP - Mil\u00e1n reunir\u00e1 a m\u00e1s de 1.200 profesionales de las renovables en Italia - Energyear","og_description":"Energyear Italia 2026 celebrar\u00e1 la sexta edici\u00f3n los d\u00edas 13, 14 y 15 de octubre en el UNAHOTELS Expo Fiera Milano, consolid\u00e1ndose como uno de los principales puntos de encuentro del sector de las energ\u00edas renovables en Italia.","og_url":"https:\/\/energyear.com\/es\/notas-de-prensa\/milan-reunira-1200-profesionales-transicion-energetica-italia-2026\/","og_site_name":"Energyear","article_published_time":"2026-08-25T11:12:39+00:00","article_modified_time":"2026-08-31T16:23:00+00:00","og_image":[{"width":2560,"height":1707,"url":"https:\/\/energyear.com\/wp-content\/uploads\/2026\/08\/PS82518-scaled.jpg","type":"image\/jpeg"}],"author":"Energyear SL","twitter_card":"summary_large_image","twitter_misc":{"Escrito por":"Energyear SL","Tiempo de lectura":"4 minutos"},"schema":{"@context":"https:\/\/schema.org","@graph":[{"@type":"Article","@id":"https:\/\/energyear.com\/notas-de-prensa\/milan-reunira-1200-profesionales-transicion-energetica-italia-2026\/#article","isPartOf":{"@id":"https:\/\/energyear.com\/notas-de-prensa\/milan-reunira-1200-profesionales-transicion-energetica-italia-2026\/"},"author":{"name":"Energyear SL","@id":"https:\/\/energyear.com\/es\/#\/schema\/person\/0e9d50001a4910a218795dd9b822c8f8"},"headline":"Mil\u00e1n reunir\u00e1 a m\u00e1s de 1.200 profesionales para analizar los retos de la transici\u00f3n energ\u00e9tica y las renovables en Italia","datePublished":"2026-08-25T11:12:39+00:00","dateModified":"2026-08-31T16:23:00+00:00","mainEntityOfPage":{"@id":"https:\/\/energyear.com\/notas-de-prensa\/milan-reunira-1200-profesionales-transicion-energetica-italia-2026\/"},"wordCount":788,"publisher":{"@id":"https:\/\/energyear.com\/es\/#organization"},"image":{"@id":"https:\/\/energyear.com\/notas-de-prensa\/milan-reunira-1200-profesionales-transicion-energetica-italia-2026\/#primaryimage"},"thumbnailUrl":"https:\/\/energyear.com\/wp-content\/uploads\/2026\/08\/PS82518-scaled.jpg","keywords":["Europa","Italia"],"articleSection":["Notas de prensa"],"inLanguage":"es"},{"@type":"WebPage","@id":"https:\/\/energyear.com\/notas-de-prensa\/milan-reunira-1200-profesionales-transicion-energetica-italia-2026\/","url":"https:\/\/energyear.com\/notas-de-prensa\/milan-reunira-1200-profesionales-transicion-energetica-italia-2026\/","name":"NdP - Mil\u00e1n reunir\u00e1 a m\u00e1s de 1.200 profesionales de las renovables en Italia - Energyear","isPartOf":{"@id":"https:\/\/energyear.com\/es\/#website"},"primaryImageOfPage":{"@id":"https:\/\/energyear.com\/notas-de-prensa\/milan-reunira-1200-profesionales-transicion-energetica-italia-2026\/#primaryimage"},"image":{"@id":"https:\/\/energyear.com\/notas-de-prensa\/milan-reunira-1200-profesionales-transicion-energetica-italia-2026\/#primaryimage"},"thumbnailUrl":"https:\/\/energyear.com\/wp-content\/uploads\/2026\/08\/PS82518-scaled.jpg","datePublished":"2026-08-25T11:12:39+00:00","dateModified":"2026-08-31T16:23:00+00:00","description":"Energyear Italia 2026 celebrar\u00e1 la sexta edici\u00f3n los d\u00edas 13, 14 y 15 de octubre en el UNAHOTELS Expo Fiera Milano, consolid\u00e1ndose como uno de los principales puntos de encuentro del sector de las energ\u00edas renovables en Italia.","breadcrumb":{"@id":"https:\/\/energyear.com\/notas-de-prensa\/milan-reunira-1200-profesionales-transicion-energetica-italia-2026\/#breadcrumb"},"inLanguage":"es","potentialAction":[{"@type":"ReadAction","target":["https:\/\/energyear.com\/notas-de-prensa\/milan-reunira-1200-profesionales-transicion-energetica-italia-2026\/"]}]},{"@type":"ImageObject","inLanguage":"es","@id":"https:\/\/energyear.com\/notas-de-prensa\/milan-reunira-1200-profesionales-transicion-energetica-italia-2026\/#primaryimage","url":"https:\/\/energyear.com\/wp-content\/uploads\/2026\/08\/PS82518-scaled.jpg","contentUrl":"https:\/\/energyear.com\/wp-content\/uploads\/2026\/08\/PS82518-scaled.jpg","width":2560,"height":1707,"caption":"Mil\u00e1n reunir\u00e1 a m\u00e1s de 1.200 profesionales para analizar los retos de la transici\u00f3n energ\u00e9tica y las renovables en Italia"},{"@type":"BreadcrumbList","@id":"https:\/\/energyear.com\/notas-de-prensa\/milan-reunira-1200-profesionales-transicion-energetica-italia-2026\/#breadcrumb","itemListElement":[{"@type":"ListItem","position":1,"name":"Portada","item":"https:\/\/energyear.com\/"},{"@type":"ListItem","position":2,"name":"Mil\u00e1n reunir\u00e1 a m\u00e1s de 1.200 profesionales para analizar los retos de la transici\u00f3n energ\u00e9tica y las renovables en Italia"}]},{"@type":"WebSite","@id":"https:\/\/energyear.com\/es\/#website","url":"https:\/\/energyear.com\/es\/","name":"Energyear","description":"Eventos de Energ\u00edas Renovables y Movilidad","publisher":{"@id":"https:\/\/energyear.com\/es\/#organization"},"potentialAction":[{"@type":"SearchAction","target":{"@type":"EntryPoint","urlTemplate":"https:\/\/energyear.com\/es\/?s={search_term_string}"},"query-input":{"@type":"PropertyValueSpecification","valueRequired":true,"valueName":"search_term_string"}}],"inLanguage":"es"},{"@type":"Organization","@id":"https:\/\/energyear.com\/es\/#organization","name":"Energyear","url":"https:\/\/energyear.com\/es\/","logo":{"@type":"ImageObject","inLanguage":"es","@id":"https:\/\/energyear.com\/es\/#\/schema\/logo\/image\/","url":"https:\/\/energyear.com\/wp-content\/uploads\/2022\/01\/logo_energyear_f.svg","contentUrl":"https:\/\/energyear.com\/wp-content\/uploads\/2022\/01\/logo_energyear_f.svg","width":100,"height":100,"caption":"Energyear"},"image":{"@id":"https:\/\/energyear.com\/es\/#\/schema\/logo\/image\/"}},{"@type":"Person","@id":"https:\/\/energyear.com\/es\/#\/schema\/person\/0e9d50001a4910a218795dd9b822c8f8","name":"Energyear SL","image":{"@type":"ImageObject","inLanguage":"es","@id":"https:\/\/energyear.com\/wp-content\/litespeed\/avatar\/43a3da17ec6a1ff96601a7d947b79cb9.jpg?ver=1788178410","url":"https:\/\/energyear.com\/wp-content\/litespeed\/avatar\/43a3da17ec6a1ff96601a7d947b79cb9.jpg?ver=1788178410","contentUrl":"https:\/\/energyear.com\/wp-content\/litespeed\/avatar\/43a3da17ec6a1ff96601a7d947b79cb9.jpg?ver=1788178410","caption":"Energyear SL"},"url":"https:\/\/energyear.com\/es\/author\/marketing\/"}]}},"_links":{"self":[{"href":"https:\/\/energyear.com\/es\/wp-json\/wp\/v2\/posts\/88138","targetHints":{"allow":["GET"]}}],"collection":[{"href":"https:\/\/energyear.com\/es\/wp-json\/wp\/v2\/posts"}],"about":[{"href":"https:\/\/energyear.com\/es\/wp-json\/wp\/v2\/types\/post"}],"author":[{"embeddable":true,"href":"https:\/\/energyear.com\/es\/wp-json\/wp\/v2\/users\/14"}],"replies":[{"embeddable":true,"href":"https:\/\/energyear.com\/es\/wp-json\/wp\/v2\/comments?post=88138"}],"version-history":[{"count":5,"href":"https:\/\/energyear.com\/es\/wp-json\/wp\/v2\/posts\/88138\/revisions"}],"predecessor-version":[{"id":88477,"href":"https:\/\/energyear.com\/es\/wp-json\/wp\/v2\/posts\/88138\/revisions\/88477"}],"wp:featuredmedia":[{"embeddable":true,"href":"https:\/\/energyear.com\/es\/wp-json\/wp\/v2\/media\/88139"}],"wp:attachment":[{"href":"https:\/\/energyear.com\/es\/wp-json\/wp\/v2\/media?parent=88138"}],"wp:term":[{"taxonomy":"category","embeddable":true,"href":"https:\/\/energyear.com\/es\/wp-json\/wp\/v2\/categories?post=88138"},{"taxonomy":"post_tag","embeddable":true,"href":"https:\/\/energyear.com\/es\/wp-json\/wp\/v2\/tags?post=88138"}],"curies":[{"name":"wp","href":"https:\/\/api.w.org\/{rel}","templated":true}]}}