{"id":88138,"date":"2026-08-25T13:12:39","date_gmt":"2026-08-25T11:12:39","guid":{"rendered":"https:\/\/energyear.com\/?p=88138"},"modified":"2026-08-31T18:23:00","modified_gmt":"2026-08-31T16:23:00","slug":"milan-reunira-1200-profesionales-transicion-energetica-italia-2026","status":"publish","type":"post","link":"https:\/\/energyear.com\/en\/notas-de-prensa\/milan-reunira-1200-profesionales-transicion-energetica-italia-2026\/","title":{"rendered":"Milan will bring together more than 1,200 professionals to discuss the challenges of the energy transition and renewable energy in Italy"},"content":{"rendered":"<div data-elementor-type=\"wp-post\" data-elementor-id=\"88138\" class=\"elementor elementor-88138\" data-elementor-post-type=\"post\">\n\t\t\t\t<div class=\"elementor-element elementor-element-cd7ed7e e-flex e-con-boxed e-con e-parent\" data-id=\"cd7ed7e\" data-element_type=\"container\" data-e-type=\"container\" data-settings=\"{&quot;jet_parallax_layout_list&quot;:[]}\">\n\t\t\t\t\t<div class=\"e-con-inner\">\n\t\t<div class=\"elementor-element elementor-element-5022b9f e-con-full e-flex e-con e-child\" data-id=\"5022b9f\" data-element_type=\"container\" data-e-type=\"container\" data-settings=\"{&quot;jet_parallax_layout_list&quot;:[]}\">\n\t\t\t\t<div class=\"elementor-element elementor-element-80b0ca4 elementor-widget elementor-widget-image\" data-id=\"80b0ca4\" data-element_type=\"widget\" data-e-type=\"widget\" data-widget_type=\"image.default\">\n\t\t\t\t\t\t\t\t\t\t\t\t\t\t\t<img loading=\"lazy\" decoding=\"async\" width=\"1024\" height=\"683\" src=\"https:\/\/energyear.com\/wp-content\/uploads\/2026\/08\/PS82518-1024x683.jpg\" class=\"attachment-large size-large wp-image-88139\" alt=\"Milan will bring together more than 1,200 professionals to discuss the challenges of the energy transition and renewable energy in Italy\" srcset=\"\" sizes=\"auto, (max-width: 1024px) 100vw, 1024px\" data-srcset=\"\" \/>\t\t\t\t\t\t\t\t\t\t\t\t\t\t\t<\/div>\n\t\t\t\t<div class=\"elementor-element elementor-element-a80ec7d elementor-widget elementor-widget-heading\" data-id=\"a80ec7d\" data-element_type=\"widget\" data-e-type=\"widget\" data-widget_type=\"heading.default\">\n\t\t\t\t\t<h1 class=\"elementor-heading-title elementor-size-default\">Milan will bring together more than 1,200 professionals to discuss the challenges of the energy transition and renewable energy in Italy<\/h1>\t\t\t\t<\/div>\n\t\t\t\t<div class=\"elementor-element elementor-element-ebe8bf9 elementor-widget elementor-widget-text-editor\" data-id=\"ebe8bf9\" data-element_type=\"widget\" data-e-type=\"widget\" data-widget_type=\"text-editor.default\">\n\t\t\t\t\t\t\t\t\t<p><strong>Madrid, 21 July.<\/strong> Energyear Italia 2026 will hold its sixth edition on 13, 14 and 15 October at the UNAHOTELS Expo Fiera Milano, cementing its position as one of the leading events for the renewable energy sector in Italy. The event will bring together more than 1,200 professionals, over 100 partners, more than 120 speakers and more than 20 specialist panels.<\/p><p>The main new feature of this year\u2019s event will be the extension of the conference to three days, a development that reflects the event\u2019s growth and the increasing demand from the Italian energy sector. This extension will allow for a broader and more segmented programme, as well as a significant expansion of the networking spaces and opportunities, one of the conference\u2019s central focuses.<\/p><p><a href=\"https:\/\/energyear.com\/en\/italia\/\"><span style=\"text-decoration: underline;\"><span style=\"color: #3366ff; text-decoration: underline;\"><span style=\"color: #000080; text-decoration: underline;\">Energyear Italia<\/span><\/span><\/span><\/a> It will thus strengthen its position as a business platform and a link between companies, investors and key players in the region\u2019s energy ecosystem, at a time marked by the acceleration of the energy transition in Italy.<\/p><h2><strong>Networking as a strategic focus of the event<\/strong><\/h2><p>Energyear Italia 2026 will strengthen its value proposition by placing professional networking at the heart of the experience, with a combination of physical spaces and digital tools designed to facilitate high-value connections, drive new business opportunities and encourage interaction amongst the sector\u2019s key players.<\/p><p>Meeting management will be one of the key pillars of the event. Via the official app, attendees will be able to access the list of participants, request B2B meetings and organise their schedule efficiently. In addition, the organisers will set up an exclusive networking area with numbered tables for 20-minute meetings, which will be automatically allocated by the tool once each meeting has been confirmed.<\/p><p>The event will be rounded off with permanent networking areas, workshops, lunches, private rooms, cocktail receptions and a VIP dinner for sponsors, creating a high-calibre environment designed to foster connections, share knowledge and build strategic relationships in a flexible, efficient and results-oriented format.<\/p><h2><strong>A three-day programme focusing on the future of the sector<\/strong><\/h2><p>The programme for Energyear Italia 2026 will be structured around three main thematic blocks spread over the three days of the event.<\/p><p>The first day will focus on the development of renewable energy projects in Italy, addressing issues such as permitting, grid access, the implementation of utility-scale solar projects, bankability and technological competitiveness. New solutions such as agrivoltaics and the optimisation of project design will also be examined.<\/p><p>The second day will be devoted to energy storage (BESS), with sessions focusing on developments in the Italian battery market, business models, grid integration, hybridisation with solar, monetisation strategies and the bankability of energy storage projects.<\/p><p>The third day will focus on energy demand and new consumers, with particular attention paid to the role of data centres, industry and large electricity consumers. The programme will also cover procurement strategies using PPAs, behind-the-meter energy management, digitalisation and the use of artificial intelligence to optimise consumption.<\/p><h2><strong>Italy as an energy market undergoing transformation<\/strong><\/h2><p>The event will take place against a backdrop of major transformation in the Italian energy system, characterised by sustained growth in renewable energy and rising demand for electricity. According to <span style=\"text-decoration: underline;\"><span style=\"color: #3366ff;\"><a style=\"color: #3366ff; text-decoration: underline;\" href=\"https:\/\/www.review-energy.com\/otras-fuentes\/renewables-grow-278-in-italy-in-february-driven-by-wind\"><span style=\"color: #000080; text-decoration: underline;\">recent data from Terna<\/span><\/a><\/span><\/span>, renewable energy generation in Italy rose by 27.8 per cent in February 2026, driven mainly by wind power, which is now the country\u2019s leading source of electricity generation.<\/p><p>This scenario positions Italy as one of the most dynamic markets in southern Europe, although it also presents structural challenges relating to grid congestion, processing times and the need for further investment in electricity infrastructure.<\/p>\t\t\t\t\t\t\t\t<\/div>\n\t\t\t\t<\/div>\n\t\t\t\t\t<\/div>\n\t\t\t\t<\/div>\n\t\t<div class=\"elementor-element elementor-element-dcc7883 e-flex e-con-boxed e-con e-parent\" data-id=\"dcc7883\" data-element_type=\"container\" data-e-type=\"container\" data-settings=\"{&quot;jet_parallax_layout_list&quot;:[]}\">\n\t\t\t\t\t<div class=\"e-con-inner\">\n\t\t<div class=\"elementor-element elementor-element-363610a e-con-full e-flex e-con e-child\" data-id=\"363610a\" data-element_type=\"container\" data-e-type=\"container\" data-settings=\"{&quot;jet_parallax_layout_list&quot;:[]}\">\n\t\t\t\t<div class=\"elementor-element elementor-element-75fe7ee elementor-widget elementor-widget-text-editor\" data-id=\"75fe7ee\" data-element_type=\"widget\" data-e-type=\"widget\" data-widget_type=\"text-editor.default\">\n\t\t\t\t\t\t\t\t\t<h2><strong>About Energyear Italy<\/strong><\/h2><p><span style=\"text-decoration: underline; color: #000080;\"><a style=\"color: #000080; text-decoration: underline;\" href=\"https:\/\/energyear.com\/en\/italia\/\">Energyear Italia<\/a><\/span> It is a leading event in the field of renewable energy, bringing together business leaders, investors, institutions and experts to discuss the present and future of the sector, driving the transition towards a more sustainable energy model in Italy and Europe.<\/p><p>Press contact:\u00a0<br \/>Luis Monta\u00f1o \u2013 Mkt &amp; Coms | <span style=\"text-decoration: underline; color: #000080;\"><a style=\"color: #000080; text-decoration: underline;\" href=\"mailto:luis@energyear.com\" target=\"_blank\" rel=\"noopener\">luis@energyear.com<\/a><\/span> +34 618 56 12 11<\/p>\t\t\t\t\t\t\t\t<\/div>\n\t\t\t\t<\/div>\n\t\t<div class=\"elementor-element elementor-element-73cd866 e-flex e-con-boxed e-con e-child\" data-id=\"73cd866\" data-element_type=\"container\" data-e-type=\"container\" data-settings=\"{&quot;jet_parallax_layout_list&quot;:[]}\">\n\t\t\t\t\t<div class=\"e-con-inner\">\n\t\t\t\t<div class=\"elementor-element elementor-element-07ee40f elementor-widget elementor-widget-image\" data-id=\"07ee40f\" data-element_type=\"widget\" data-e-type=\"widget\" data-widget_type=\"image.default\">\n\t\t\t\t\t\t\t\t\t\t\t\t\t\t\t\t<a href=\"https:\/\/energyear.com\/en\/italia\/\">\n\t\t\t\t\t\t\t<img loading=\"lazy\" decoding=\"async\" width=\"2560\" height=\"675\" src=\"https:\/\/energyear.com\/wp-content\/uploads\/2026\/08\/italia-2026-NEW-scaled.png\" class=\"attachment-full size-full wp-image-88144\" alt=\"\" srcset=\"https:\/\/energyear.com\/wp-content\/uploads\/2026\/08\/italia-2026-NEW-scaled.png 2560w, https:\/\/energyear.com\/wp-content\/uploads\/2026\/08\/italia-2026-NEW-300x79.png 300w, https:\/\/energyear.com\/wp-content\/uploads\/2026\/08\/italia-2026-NEW-1024x270.png 1024w, https:\/\/energyear.com\/wp-content\/uploads\/2026\/08\/italia-2026-NEW-768x202.png 768w, https:\/\/energyear.com\/wp-content\/uploads\/2026\/08\/italia-2026-NEW-1536x405.png 1536w, https:\/\/energyear.com\/wp-content\/uploads\/2026\/08\/italia-2026-NEW-2048x540.png 2048w, https:\/\/energyear.com\/wp-content\/uploads\/2026\/08\/italia-2026-NEW-600x158.png 600w\" sizes=\"auto, (max-width: 2560px) 100vw, 2560px\" \/>\t\t\t\t\t\t\t\t<\/a>\n\t\t\t\t\t\t\t\t\t\t\t\t\t\t\t<\/div>\n\t\t\t\t<div class=\"elementor-element elementor-element-9413715 elementor-share-buttons--view-icon-text elementor-share-buttons--skin-gradient elementor-share-buttons--shape-square elementor-grid-0 elementor-share-buttons--color-official elementor-widget elementor-widget-share-buttons\" data-id=\"9413715\" data-element_type=\"widget\" data-e-type=\"widget\" data-widget_type=\"share-buttons.default\">\n\t\t\t\t\t\t\t<div class=\"elementor-grid\" role=\"list\">\n\t\t\t\t\t\t\t\t<div class=\"elementor-grid-item\" role=\"listitem\">\n\t\t\t\t\t\t<div class=\"elementor-share-btn elementor-share-btn_linkedin\" role=\"button\" tabindex=\"0\" aria-label=\"Share on linkedin\">\n\t\t\t\t\t\t\t\t\t\t\t\t\t\t\t<span class=\"elementor-share-btn__icon\">\n\t\t\t\t\t\t\t\t<i class=\"fab fa-linkedin\" aria-hidden=\"true\"><\/i>\t\t\t\t\t\t\t<\/span>\n\t\t\t\t\t\t\t\t\t\t\t\t\t\t\t\t\t\t\t\t\t\t<div class=\"elementor-share-btn__text\">\n\t\t\t\t\t\t\t\t\t\t\t\t\t\t\t\t\t\t\t<span class=\"elementor-share-btn__title\">\n\t\t\t\t\t\t\t\t\t\tLinkedIn\t\t\t\t\t\t\t\t\t<\/span>\n\t\t\t\t\t\t\t\t\t\t\t\t\t\t\t\t\t<\/div>\n\t\t\t\t\t\t\t\t\t\t\t\t\t<\/div>\n\t\t\t\t\t<\/div>\n\t\t\t\t\t\t\t\t\t<div class=\"elementor-grid-item\" role=\"listitem\">\n\t\t\t\t\t\t<div class=\"elementor-share-btn elementor-share-btn_facebook\" role=\"button\" tabindex=\"0\" aria-label=\"Share on facebook\">\n\t\t\t\t\t\t\t\t\t\t\t\t\t\t\t<span class=\"elementor-share-btn__icon\">\n\t\t\t\t\t\t\t\t<i class=\"fab fa-facebook\" aria-hidden=\"true\"><\/i>\t\t\t\t\t\t\t<\/span>\n\t\t\t\t\t\t\t\t\t\t\t\t\t\t\t\t\t\t\t\t\t\t<div class=\"elementor-share-btn__text\">\n\t\t\t\t\t\t\t\t\t\t\t\t\t\t\t\t\t\t\t<span class=\"elementor-share-btn__title\">\n\t\t\t\t\t\t\t\t\t\tFacebook\t\t\t\t\t\t\t\t\t<\/span>\n\t\t\t\t\t\t\t\t\t\t\t\t\t\t\t\t\t<\/div>\n\t\t\t\t\t\t\t\t\t\t\t\t\t<\/div>\n\t\t\t\t\t<\/div>\n\t\t\t\t\t\t\t\t\t<div class=\"elementor-grid-item\" role=\"listitem\">\n\t\t\t\t\t\t<div class=\"elementor-share-btn elementor-share-btn_x-twitter\" role=\"button\" tabindex=\"0\" aria-label=\"Share on x-twitter\">\n\t\t\t\t\t\t\t\t\t\t\t\t\t\t\t<span class=\"elementor-share-btn__icon\">\n\t\t\t\t\t\t\t\t<i class=\"fab fa-x-twitter\" aria-hidden=\"true\"><\/i>\t\t\t\t\t\t\t<\/span>\n\t\t\t\t\t\t\t\t\t\t\t\t\t\t\t\t\t\t\t\t\t\t<div class=\"elementor-share-btn__text\">\n\t\t\t\t\t\t\t\t\t\t\t\t\t\t\t\t\t\t\t<span class=\"elementor-share-btn__title\">\n\t\t\t\t\t\t\t\t\t\tX\t\t\t\t\t\t\t\t\t<\/span>\n\t\t\t\t\t\t\t\t\t\t\t\t\t\t\t\t\t<\/div>\n\t\t\t\t\t\t\t\t\t\t\t\t\t<\/div>\n\t\t\t\t\t<\/div>\n\t\t\t\t\t\t\t\t\t<div class=\"elementor-grid-item\" role=\"listitem\">\n\t\t\t\t\t\t<div class=\"elementor-share-btn elementor-share-btn_whatsapp\" role=\"button\" tabindex=\"0\" aria-label=\"Share on whatsapp\">\n\t\t\t\t\t\t\t\t\t\t\t\t\t\t\t<span class=\"elementor-share-btn__icon\">\n\t\t\t\t\t\t\t\t<i class=\"fab fa-whatsapp\" aria-hidden=\"true\"><\/i>\t\t\t\t\t\t\t<\/span>\n\t\t\t\t\t\t\t\t\t\t\t\t\t\t\t\t\t\t\t\t\t\t<div class=\"elementor-share-btn__text\">\n\t\t\t\t\t\t\t\t\t\t\t\t\t\t\t\t\t\t\t<span class=\"elementor-share-btn__title\">\n\t\t\t\t\t\t\t\t\t\tWhatsApp\t\t\t\t\t\t\t\t\t<\/span>\n\t\t\t\t\t\t\t\t\t\t\t\t\t\t\t\t\t<\/div>\n\t\t\t\t\t\t\t\t\t\t\t\t\t<\/div>\n\t\t\t\t\t<\/div>\n\t\t\t\t\t\t\t\t\t<div class=\"elementor-grid-item\" role=\"listitem\">\n\t\t\t\t\t\t<div class=\"elementor-share-btn elementor-share-btn_email\" role=\"button\" tabindex=\"0\" aria-label=\"Share on email\">\n\t\t\t\t\t\t\t\t\t\t\t\t\t\t\t<span class=\"elementor-share-btn__icon\">\n\t\t\t\t\t\t\t\t<i class=\"fas fa-envelope\" aria-hidden=\"true\"><\/i>\t\t\t\t\t\t\t<\/span>\n\t\t\t\t\t\t\t\t\t\t\t\t\t\t\t\t\t\t\t\t\t\t<div class=\"elementor-share-btn__text\">\n\t\t\t\t\t\t\t\t\t\t\t\t\t\t\t\t\t\t\t<span class=\"elementor-share-btn__title\">\n\t\t\t\t\t\t\t\t\t\tEmail\t\t\t\t\t\t\t\t\t<\/span>\n\t\t\t\t\t\t\t\t\t\t\t\t\t\t\t\t\t<\/div>\n\t\t\t\t\t\t\t\t\t\t\t\t\t<\/div>\n\t\t\t\t\t<\/div>\n\t\t\t\t\t\t<\/div>\n\t\t\t\t\t\t<\/div>\n\t\t\t\t\t<\/div>\n\t\t\t\t<\/div>\n\t\t\t\t\t<\/div>\n\t\t\t\t<\/div>\n\t\t<div class=\"elementor-element elementor-element-4759280 e-flex e-con-boxed e-con e-parent\" data-id=\"4759280\" data-element_type=\"container\" data-e-type=\"container\" data-settings=\"{&quot;jet_parallax_layout_list&quot;:[]}\">\n\t\t\t\t\t<div class=\"e-con-inner\">\n\t\t<div class=\"elementor-element elementor-element-1c70f04 e-con-full e-flex e-con e-child\" data-id=\"1c70f04\" data-element_type=\"container\" data-e-type=\"container\" data-settings=\"{&quot;jet_parallax_layout_list&quot;:[]}\">\n\t\t\t\t<div class=\"elementor-element elementor-element-d5c99c7 elementor-align-center elementor-button-info elementor-widget elementor-widget-button\" data-id=\"d5c99c7\" data-element_type=\"widget\" data-e-type=\"widget\" data-settings=\"{&quot;_animation&quot;:&quot;none&quot;}\" data-widget_type=\"button.default\">\n\t\t\t\t\t\t\t\t\t\t<a class=\"elementor-button elementor-button-link elementor-size-lg\" href=\"https:\/\/energyear.com\/en\/italia\/\">\n\t\t\t\t\t\t<span class=\"elementor-button-content-wrapper\">\n\t\t\t\t\t\t\t\t\t<span class=\"elementor-button-text\">Further information about Energyear Italia<\/span>\n\t\t\t\t\t<\/span>\n\t\t\t\t\t<\/a>\n\t\t\t\t\t\t\t\t<\/div>\n\t\t\t\t<\/div>\n\t\t<div class=\"elementor-element elementor-element-da539fa e-con-full e-flex e-con e-child\" data-id=\"da539fa\" data-element_type=\"container\" data-e-type=\"container\" data-settings=\"{&quot;jet_parallax_layout_list&quot;:[]}\">\n\t\t\t\t<div class=\"elementor-element elementor-element-c793bf6 elementor-align-center elementor-button-info elementor-widget elementor-widget-button\" data-id=\"c793bf6\" data-element_type=\"widget\" data-e-type=\"widget\" data-settings=\"{&quot;_animation&quot;:&quot;none&quot;}\" data-widget_type=\"button.default\">\n\t\t\t\t\t\t\t\t\t\t<a class=\"elementor-button elementor-button-link elementor-size-lg\" href=\"https:\/\/energyear.com\/wp-content\/uploads\/2026\/08\/NOTA-DE-PRENSA-ENERGYEAR-ITALIA-2026-EN-img.pdf\" target=\"_blank\">\n\t\t\t\t\t\t<span class=\"elementor-button-content-wrapper\">\n\t\t\t\t\t\t\t\t\t<span class=\"elementor-button-text\">Download the press release as a PDF<\/span>\n\t\t\t\t\t<\/span>\n\t\t\t\t\t<\/a>\n\t\t\t\t\t\t\t\t<\/div>\n\t\t\t\t<\/div>\n\t\t<div class=\"elementor-element elementor-element-ba17429 e-con-full e-flex e-con e-child\" data-id=\"ba17429\" data-element_type=\"container\" data-e-type=\"container\" data-settings=\"{&quot;jet_parallax_layout_list&quot;:[]}\">\n\t\t\t\t<div class=\"elementor-element elementor-element-0a239f7 elementor-align-center elementor-button-info elementor-widget elementor-widget-button\" data-id=\"0a239f7\" data-element_type=\"widget\" data-e-type=\"widget\" data-settings=\"{&quot;_animation&quot;:&quot;none&quot;}\" data-widget_type=\"button.default\">\n\t\t\t\t\t\t\t\t\t\t<a class=\"elementor-button elementor-button-link elementor-size-lg\" href=\"https:\/\/energyear.com\/wp-content\/uploads\/2026\/08\/NOTA-DE-PRENSA-ENERGYEAR-ITALIA-2026-EN-img.docx\" target=\"_blank\">\n\t\t\t\t\t\t<span class=\"elementor-button-content-wrapper\">\n\t\t\t\t\t\t\t\t\t<span class=\"elementor-button-text\">Download press release in Word format<\/span>\n\t\t\t\t\t<\/span>\n\t\t\t\t\t<\/a>\n\t\t\t\t\t\t\t\t<\/div>\n\t\t\t\t<\/div>\n\t\t\t\t\t<\/div>\n\t\t\t\t<\/div>\n\t\t<div class=\"elementor-element elementor-element-e64e441 e-flex e-con-boxed e-con e-parent\" data-id=\"e64e441\" data-element_type=\"container\" data-e-type=\"container\" data-settings=\"{&quot;jet_parallax_layout_list&quot;:[]}\">\n\t\t\t\t\t<div class=\"e-con-inner\">\n\t\t\t\t<div class=\"elementor-element elementor-element-5cb97d8 elementor-widget-divider--view-line elementor-widget elementor-widget-divider\" data-id=\"5cb97d8\" data-element_type=\"widget\" data-e-type=\"widget\" data-widget_type=\"divider.default\">\n\t\t\t\t\t\t\t<div class=\"elementor-divider\">\n\t\t\t<span class=\"elementor-divider-separator\">\n\t\t\t\t\t\t<\/span>\n\t\t<\/div>\n\t\t\t\t\t\t<\/div>\n\t\t\t\t<div class=\"elementor-element elementor-element-066c4af elementor-grid-3 elementor-grid-tablet-2 elementor-grid-mobile-1 elementor-posts--thumbnail-top elementor-widget elementor-widget-posts\" data-id=\"066c4af\" data-element_type=\"widget\" data-e-type=\"widget\" data-settings=\"{&quot;classic_columns&quot;:&quot;3&quot;,&quot;classic_columns_tablet&quot;:&quot;2&quot;,&quot;classic_columns_mobile&quot;:&quot;1&quot;,&quot;classic_row_gap&quot;:{&quot;unit&quot;:&quot;px&quot;,&quot;size&quot;:35,&quot;sizes&quot;:[]},&quot;classic_row_gap_tablet&quot;:{&quot;unit&quot;:&quot;px&quot;,&quot;size&quot;:&quot;&quot;,&quot;sizes&quot;:[]},&quot;classic_row_gap_mobile&quot;:{&quot;unit&quot;:&quot;px&quot;,&quot;size&quot;:&quot;&quot;,&quot;sizes&quot;:[]}}\" data-widget_type=\"posts.classic\">\n\t\t\t\t<div class=\"elementor-widget-container\">\n\t\t\t\t\t\t\t<div class=\"elementor-posts-container elementor-posts elementor-posts--skin-classic elementor-grid\" role=\"list\">\n\t\t\t\t<article class=\"elementor-post elementor-grid-item post-88435 post type-post status-publish format-standard has-post-thumbnail hentry category-notas-de-prensa tag-argentina tag-latam\" role=\"listitem\">\n\t\t\t\t<a class=\"elementor-post__thumbnail__link\" href=\"https:\/\/energyear.com\/en\/notas-de-prensa\/principales-actores-sector-energetico-reunen-futuro-renovable-argentina\/\" tabindex=\"-1\" >\n\t\t\t<div class=\"elementor-post__thumbnail\"><img loading=\"lazy\" decoding=\"async\" width=\"300\" height=\"200\" src=\"https:\/\/energyear.com\/wp-content\/uploads\/2026\/08\/Principales-actores-del-sector-energetico-se-reunen-para-debatir-el-futuro-renovable-de-Argentina-300x200.jpg\" class=\"attachment-medium size-medium wp-image-88436\" alt=\"Key players in the energy sector are meeting to discuss Argentina\u2019s future in renewable energy\" srcset=\"https:\/\/energyear.com\/wp-content\/uploads\/2026\/08\/Principales-actores-del-sector-energetico-se-reunen-para-debatir-el-futuro-renovable-de-Argentina-300x200.jpg 300w, https:\/\/energyear.com\/wp-content\/uploads\/2026\/08\/Principales-actores-del-sector-energetico-se-reunen-para-debatir-el-futuro-renovable-de-Argentina-1024x684.jpg 1024w, https:\/\/energyear.com\/wp-content\/uploads\/2026\/08\/Principales-actores-del-sector-energetico-se-reunen-para-debatir-el-futuro-renovable-de-Argentina-768x513.jpg 768w, https:\/\/energyear.com\/wp-content\/uploads\/2026\/08\/Principales-actores-del-sector-energetico-se-reunen-para-debatir-el-futuro-renovable-de-Argentina-1536x1025.jpg 1536w, https:\/\/energyear.com\/wp-content\/uploads\/2026\/08\/Principales-actores-del-sector-energetico-se-reunen-para-debatir-el-futuro-renovable-de-Argentina-600x400.jpg 600w, https:\/\/energyear.com\/wp-content\/uploads\/2026\/08\/Principales-actores-del-sector-energetico-se-reunen-para-debatir-el-futuro-renovable-de-Argentina-66x43.jpg 66w, https:\/\/energyear.com\/wp-content\/uploads\/2026\/08\/Principales-actores-del-sector-energetico-se-reunen-para-debatir-el-futuro-renovable-de-Argentina.jpg 2048w\" sizes=\"auto, (max-width: 300px) 100vw, 300px\" \/><\/div>\n\t\t<\/a>\n\t\t\t\t<div class=\"elementor-post__text\">\n\t\t\t\t<h3 class=\"elementor-post__title\">\n\t\t\t<a href=\"https:\/\/energyear.com\/en\/notas-de-prensa\/principales-actores-sector-energetico-reunen-futuro-renovable-argentina\/\" >\n\t\t\t\tKey players in the energy sector are meeting to discuss Argentina\u2019s future in renewable energy\t\t\t<\/a>\n\t\t<\/h3>\n\t\t\t\t<div class=\"elementor-post__meta-data\">\n\t\t\t\t\t<span class=\"elementor-post-author\">\n\t\t\tEnergyear\t\t<\/span>\n\t\t\t\t<span class=\"elementor-post-date\">\n\t\t\t31\/08\/2026\t\t<\/span>\n\t\t\t\t<\/div>\n\t\t\n\t\t<a class=\"elementor-post__read-more\" href=\"https:\/\/energyear.com\/en\/notas-de-prensa\/principales-actores-sector-energetico-reunen-futuro-renovable-argentina\/\" aria-label=\"Read more about Principales actores del sector energ\u00e9tico se re\u00fanen para debatir el futuro renovable de Argentina\" tabindex=\"-1\" >\n\t\t\tRead more\t\t<\/a>\n\n\t\t\t\t<\/div>\n\t\t\t\t<\/article>\n\t\t\t\t<article class=\"elementor-post elementor-grid-item post-88138 post type-post status-publish format-standard has-post-thumbnail hentry category-notas-de-prensa tag-europa tag-italia\" role=\"listitem\">\n\t\t\t\t<a class=\"elementor-post__thumbnail__link\" href=\"https:\/\/energyear.com\/en\/notas-de-prensa\/milan-reunira-1200-profesionales-transicion-energetica-italia-2026\/\" tabindex=\"-1\" >\n\t\t\t<div class=\"elementor-post__thumbnail\"><img loading=\"lazy\" decoding=\"async\" width=\"300\" height=\"200\" src=\"https:\/\/energyear.com\/wp-content\/uploads\/2026\/08\/PS82518-300x200.jpg\" class=\"attachment-medium size-medium wp-image-88139\" alt=\"Milan will bring together more than 1,200 professionals to discuss the challenges of the energy transition and renewable energy in Italy\" srcset=\"https:\/\/energyear.com\/wp-content\/uploads\/2026\/08\/PS82518-300x200.jpg 300w, https:\/\/energyear.com\/wp-content\/uploads\/2026\/08\/PS82518-1024x683.jpg 1024w, https:\/\/energyear.com\/wp-content\/uploads\/2026\/08\/PS82518-768x512.jpg 768w, https:\/\/energyear.com\/wp-content\/uploads\/2026\/08\/PS82518-1536x1024.jpg 1536w, https:\/\/energyear.com\/wp-content\/uploads\/2026\/08\/PS82518-2048x1366.jpg 2048w, https:\/\/energyear.com\/wp-content\/uploads\/2026\/08\/PS82518-600x400.jpg 600w, https:\/\/energyear.com\/wp-content\/uploads\/2026\/08\/PS82518-66x43.jpg 66w\" sizes=\"auto, (max-width: 300px) 100vw, 300px\" \/><\/div>\n\t\t<\/a>\n\t\t\t\t<div class=\"elementor-post__text\">\n\t\t\t\t<h3 class=\"elementor-post__title\">\n\t\t\t<a href=\"https:\/\/energyear.com\/en\/notas-de-prensa\/milan-reunira-1200-profesionales-transicion-energetica-italia-2026\/\" >\n\t\t\t\tMilan will bring together more than 1,200 professionals to discuss the challenges of the energy transition and renewable energy in Italy\t\t\t<\/a>\n\t\t<\/h3>\n\t\t\t\t<div class=\"elementor-post__meta-data\">\n\t\t\t\t\t<span class=\"elementor-post-author\">\n\t\t\tEnergyear SL\t\t<\/span>\n\t\t\t\t<span class=\"elementor-post-date\">\n\t\t\t25\/08\/2026\t\t<\/span>\n\t\t\t\t<\/div>\n\t\t\n\t\t<a class=\"elementor-post__read-more\" href=\"https:\/\/energyear.com\/en\/notas-de-prensa\/milan-reunira-1200-profesionales-transicion-energetica-italia-2026\/\" aria-label=\"Read more about Mil\u00e1n reunir\u00e1 a m\u00e1s de 1.200 profesionales para analizar los retos de la transici\u00f3n energ\u00e9tica y las renovables en Italia\" tabindex=\"-1\" >\n\t\t\tRead more\t\t<\/a>\n\n\t\t\t\t<\/div>\n\t\t\t\t<\/article>\n\t\t\t\t<\/div>\n\t\t\n\t\t\t\t\t\t<\/div>\n\t\t\t\t<\/div>\n\t\t\t\t\t<\/div>\n\t\t\t\t<\/div>\n\t\t\t\t<\/div>","protected":false},"excerpt":{"rendered":"<p>Madrid, 21 July 2026. The sixth edition of Energyear Italy will take place from 13 to 15 October at the UNA HOTELS Expo Fiera Milano, bringing together more than 1,200 attendees, 100 partners, 120 speakers and over 20 conference sessions.<\/p>","protected":false},"author":14,"featured_media":88139,"comment_status":"closed","ping_status":"open","sticky":false,"template":"elementor_header_footer","format":"standard","meta":{"_acf_changed":false,"content-type":"","footnotes":""},"categories":[229],"tags":[244,243],"class_list":["post-88138","post","type-post","status-publish","format-standard","has-post-thumbnail","hentry","category-notas-de-prensa","tag-europa","tag-italia"],"acf":[],"yoast_head":"<!-- This site is optimized with the Yoast SEO plugin v28.3 - https:\/\/yoast.com\/product\/yoast-seo-wordpress\/ -->\n<title>NdP - Mil\u00e1n reunir\u00e1 a m\u00e1s de 1.200 profesionales de las renovables en Italia - Energyear<\/title>\n<meta name=\"description\" content=\"Energyear Italia 2026 celebrar\u00e1 la sexta edici\u00f3n los d\u00edas 13, 14 y 15 de octubre en el UNAHOTELS Expo Fiera Milano, consolid\u00e1ndose como uno de los principales puntos de encuentro del sector de las energ\u00edas renovables en Italia.\" \/>\n<meta name=\"robots\" content=\"index, follow, max-snippet:-1, max-image-preview:large, max-video-preview:-1\" \/>\n<link rel=\"canonical\" href=\"https:\/\/energyear.com\/en\/notas-de-prensa\/milan-reunira-1200-profesionales-transicion-energetica-italia-2026\/\" \/>\n<meta property=\"og:locale\" content=\"en_GB\" \/>\n<meta property=\"og:type\" content=\"article\" \/>\n<meta property=\"og:title\" content=\"NdP - Mil\u00e1n reunir\u00e1 a m\u00e1s de 1.200 profesionales de las renovables en Italia - Energyear\" \/>\n<meta property=\"og:description\" content=\"Energyear Italia 2026 celebrar\u00e1 la sexta edici\u00f3n los d\u00edas 13, 14 y 15 de octubre en el UNAHOTELS Expo Fiera Milano, consolid\u00e1ndose como uno de los principales puntos de encuentro del sector de las energ\u00edas renovables en Italia.\" \/>\n<meta property=\"og:url\" content=\"https:\/\/energyear.com\/en\/notas-de-prensa\/milan-reunira-1200-profesionales-transicion-energetica-italia-2026\/\" \/>\n<meta property=\"og:site_name\" content=\"Energyear\" \/>\n<meta property=\"article:published_time\" content=\"2026-08-25T11:12:39+00:00\" \/>\n<meta property=\"article:modified_time\" content=\"2026-08-31T16:23:00+00:00\" \/>\n<meta property=\"og:image\" content=\"https:\/\/energyear.com\/wp-content\/uploads\/2026\/08\/PS82518-scaled.jpg\" \/>\n\t<meta property=\"og:image:width\" content=\"2560\" \/>\n\t<meta property=\"og:image:height\" content=\"1707\" \/>\n\t<meta property=\"og:image:type\" content=\"image\/jpeg\" \/>\n<meta name=\"author\" content=\"Energyear SL\" \/>\n<meta name=\"twitter:card\" content=\"summary_large_image\" \/>\n<meta name=\"twitter:label1\" content=\"Written by\" \/>\n\t<meta name=\"twitter:data1\" content=\"Energyear SL\" \/>\n\t<meta name=\"twitter:label2\" content=\"Estimated reading time\" \/>\n\t<meta name=\"twitter:data2\" content=\"4 minutes\" \/>\n<script type=\"application\/ld+json\" class=\"yoast-schema-graph\">{\"@context\":\"https:\\\/\\\/schema.org\",\"@graph\":[{\"@type\":\"Article\",\"@id\":\"https:\\\/\\\/energyear.com\\\/notas-de-prensa\\\/milan-reunira-1200-profesionales-transicion-energetica-italia-2026\\\/#article\",\"isPartOf\":{\"@id\":\"https:\\\/\\\/energyear.com\\\/notas-de-prensa\\\/milan-reunira-1200-profesionales-transicion-energetica-italia-2026\\\/\"},\"author\":{\"name\":\"Energyear SL\",\"@id\":\"https:\\\/\\\/energyear.com\\\/es\\\/#\\\/schema\\\/person\\\/0e9d50001a4910a218795dd9b822c8f8\"},\"headline\":\"Mil\u00e1n reunir\u00e1 a m\u00e1s de 1.200 profesionales para analizar los retos de la transici\u00f3n energ\u00e9tica y las renovables en Italia\",\"datePublished\":\"2026-08-25T11:12:39+00:00\",\"dateModified\":\"2026-08-31T16:23:00+00:00\",\"mainEntityOfPage\":{\"@id\":\"https:\\\/\\\/energyear.com\\\/notas-de-prensa\\\/milan-reunira-1200-profesionales-transicion-energetica-italia-2026\\\/\"},\"wordCount\":788,\"publisher\":{\"@id\":\"https:\\\/\\\/energyear.com\\\/es\\\/#organization\"},\"image\":{\"@id\":\"https:\\\/\\\/energyear.com\\\/notas-de-prensa\\\/milan-reunira-1200-profesionales-transicion-energetica-italia-2026\\\/#primaryimage\"},\"thumbnailUrl\":\"https:\\\/\\\/energyear.com\\\/wp-content\\\/uploads\\\/2026\\\/08\\\/PS82518-scaled.jpg\",\"keywords\":[\"Europa\",\"Italia\"],\"articleSection\":[\"Notas de prensa\"],\"inLanguage\":\"en-GB\"},{\"@type\":\"WebPage\",\"@id\":\"https:\\\/\\\/energyear.com\\\/notas-de-prensa\\\/milan-reunira-1200-profesionales-transicion-energetica-italia-2026\\\/\",\"url\":\"https:\\\/\\\/energyear.com\\\/notas-de-prensa\\\/milan-reunira-1200-profesionales-transicion-energetica-italia-2026\\\/\",\"name\":\"NdP - Mil\u00e1n reunir\u00e1 a m\u00e1s de 1.200 profesionales de las renovables en Italia - Energyear\",\"isPartOf\":{\"@id\":\"https:\\\/\\\/energyear.com\\\/es\\\/#website\"},\"primaryImageOfPage\":{\"@id\":\"https:\\\/\\\/energyear.com\\\/notas-de-prensa\\\/milan-reunira-1200-profesionales-transicion-energetica-italia-2026\\\/#primaryimage\"},\"image\":{\"@id\":\"https:\\\/\\\/energyear.com\\\/notas-de-prensa\\\/milan-reunira-1200-profesionales-transicion-energetica-italia-2026\\\/#primaryimage\"},\"thumbnailUrl\":\"https:\\\/\\\/energyear.com\\\/wp-content\\\/uploads\\\/2026\\\/08\\\/PS82518-scaled.jpg\",\"datePublished\":\"2026-08-25T11:12:39+00:00\",\"dateModified\":\"2026-08-31T16:23:00+00:00\",\"description\":\"Energyear Italia 2026 celebrar\u00e1 la sexta edici\u00f3n los d\u00edas 13, 14 y 15 de octubre en el UNAHOTELS Expo Fiera Milano, consolid\u00e1ndose como uno de los principales puntos de encuentro del sector de las energ\u00edas renovables en Italia.\",\"breadcrumb\":{\"@id\":\"https:\\\/\\\/energyear.com\\\/notas-de-prensa\\\/milan-reunira-1200-profesionales-transicion-energetica-italia-2026\\\/#breadcrumb\"},\"inLanguage\":\"en-GB\",\"potentialAction\":[{\"@type\":\"ReadAction\",\"target\":[\"https:\\\/\\\/energyear.com\\\/notas-de-prensa\\\/milan-reunira-1200-profesionales-transicion-energetica-italia-2026\\\/\"]}]},{\"@type\":\"ImageObject\",\"inLanguage\":\"en-GB\",\"@id\":\"https:\\\/\\\/energyear.com\\\/notas-de-prensa\\\/milan-reunira-1200-profesionales-transicion-energetica-italia-2026\\\/#primaryimage\",\"url\":\"https:\\\/\\\/energyear.com\\\/wp-content\\\/uploads\\\/2026\\\/08\\\/PS82518-scaled.jpg\",\"contentUrl\":\"https:\\\/\\\/energyear.com\\\/wp-content\\\/uploads\\\/2026\\\/08\\\/PS82518-scaled.jpg\",\"width\":2560,\"height\":1707,\"caption\":\"Mil\u00e1n reunir\u00e1 a m\u00e1s de 1.200 profesionales para analizar los retos de la transici\u00f3n energ\u00e9tica y las renovables en Italia\"},{\"@type\":\"BreadcrumbList\",\"@id\":\"https:\\\/\\\/energyear.com\\\/notas-de-prensa\\\/milan-reunira-1200-profesionales-transicion-energetica-italia-2026\\\/#breadcrumb\",\"itemListElement\":[{\"@type\":\"ListItem\",\"position\":1,\"name\":\"Portada\",\"item\":\"https:\\\/\\\/energyear.com\\\/\"},{\"@type\":\"ListItem\",\"position\":2,\"name\":\"Mil\u00e1n reunir\u00e1 a m\u00e1s de 1.200 profesionales para analizar los retos de la transici\u00f3n energ\u00e9tica y las renovables en Italia\"}]},{\"@type\":\"WebSite\",\"@id\":\"https:\\\/\\\/energyear.com\\\/es\\\/#website\",\"url\":\"https:\\\/\\\/energyear.com\\\/es\\\/\",\"name\":\"Energyear\",\"description\":\"Eventos de Energ\u00edas Renovables y Movilidad\",\"publisher\":{\"@id\":\"https:\\\/\\\/energyear.com\\\/es\\\/#organization\"},\"potentialAction\":[{\"@type\":\"SearchAction\",\"target\":{\"@type\":\"EntryPoint\",\"urlTemplate\":\"https:\\\/\\\/energyear.com\\\/es\\\/?s={search_term_string}\"},\"query-input\":{\"@type\":\"PropertyValueSpecification\",\"valueRequired\":true,\"valueName\":\"search_term_string\"}}],\"inLanguage\":\"en-GB\"},{\"@type\":\"Organization\",\"@id\":\"https:\\\/\\\/energyear.com\\\/es\\\/#organization\",\"name\":\"Energyear\",\"url\":\"https:\\\/\\\/energyear.com\\\/es\\\/\",\"logo\":{\"@type\":\"ImageObject\",\"inLanguage\":\"en-GB\",\"@id\":\"https:\\\/\\\/energyear.com\\\/es\\\/#\\\/schema\\\/logo\\\/image\\\/\",\"url\":\"https:\\\/\\\/energyear.com\\\/wp-content\\\/uploads\\\/2022\\\/01\\\/logo_energyear_f.svg\",\"contentUrl\":\"https:\\\/\\\/energyear.com\\\/wp-content\\\/uploads\\\/2022\\\/01\\\/logo_energyear_f.svg\",\"width\":100,\"height\":100,\"caption\":\"Energyear\"},\"image\":{\"@id\":\"https:\\\/\\\/energyear.com\\\/es\\\/#\\\/schema\\\/logo\\\/image\\\/\"}},{\"@type\":\"Person\",\"@id\":\"https:\\\/\\\/energyear.com\\\/es\\\/#\\\/schema\\\/person\\\/0e9d50001a4910a218795dd9b822c8f8\",\"name\":\"Energyear SL\",\"image\":{\"@type\":\"ImageObject\",\"inLanguage\":\"en-GB\",\"@id\":\"https:\\\/\\\/energyear.com\\\/wp-content\\\/litespeed\\\/avatar\\\/43a3da17ec6a1ff96601a7d947b79cb9.jpg?ver=1788178410\",\"url\":\"https:\\\/\\\/energyear.com\\\/wp-content\\\/litespeed\\\/avatar\\\/43a3da17ec6a1ff96601a7d947b79cb9.jpg?ver=1788178410\",\"contentUrl\":\"https:\\\/\\\/energyear.com\\\/wp-content\\\/litespeed\\\/avatar\\\/43a3da17ec6a1ff96601a7d947b79cb9.jpg?ver=1788178410\",\"caption\":\"Energyear SL\"},\"url\":\"https:\\\/\\\/energyear.com\\\/en\\\/author\\\/marketing\\\/\"}]}<\/script>\n<!-- \/ Yoast SEO plugin. -->","yoast_head_json":{"title":"NdP - Mil\u00e1n reunir\u00e1 a m\u00e1s de 1.200 profesionales de las renovables en Italia - Energyear","description":"Energyear Italia 2026 celebrar\u00e1 la sexta edici\u00f3n los d\u00edas 13, 14 y 15 de octubre en el UNAHOTELS Expo Fiera Milano, consolid\u00e1ndose como uno de los principales puntos de encuentro del sector de las energ\u00edas renovables en Italia.","robots":{"index":"index","follow":"follow","max-snippet":"max-snippet:-1","max-image-preview":"max-image-preview:large","max-video-preview":"max-video-preview:-1"},"canonical":"https:\/\/energyear.com\/en\/notas-de-prensa\/milan-reunira-1200-profesionales-transicion-energetica-italia-2026\/","og_locale":"en_GB","og_type":"article","og_title":"NdP - Mil\u00e1n reunir\u00e1 a m\u00e1s de 1.200 profesionales de las renovables en Italia - Energyear","og_description":"Energyear Italia 2026 celebrar\u00e1 la sexta edici\u00f3n los d\u00edas 13, 14 y 15 de octubre en el UNAHOTELS Expo Fiera Milano, consolid\u00e1ndose como uno de los principales puntos de encuentro del sector de las energ\u00edas renovables en Italia.","og_url":"https:\/\/energyear.com\/en\/notas-de-prensa\/milan-reunira-1200-profesionales-transicion-energetica-italia-2026\/","og_site_name":"Energyear","article_published_time":"2026-08-25T11:12:39+00:00","article_modified_time":"2026-08-31T16:23:00+00:00","og_image":[{"width":2560,"height":1707,"url":"https:\/\/energyear.com\/wp-content\/uploads\/2026\/08\/PS82518-scaled.jpg","type":"image\/jpeg"}],"author":"Energyear SL","twitter_card":"summary_large_image","twitter_misc":{"Written by":"Energyear SL","Estimated reading time":"4 minutes"},"schema":{"@context":"https:\/\/schema.org","@graph":[{"@type":"Article","@id":"https:\/\/energyear.com\/notas-de-prensa\/milan-reunira-1200-profesionales-transicion-energetica-italia-2026\/#article","isPartOf":{"@id":"https:\/\/energyear.com\/notas-de-prensa\/milan-reunira-1200-profesionales-transicion-energetica-italia-2026\/"},"author":{"name":"Energyear SL","@id":"https:\/\/energyear.com\/es\/#\/schema\/person\/0e9d50001a4910a218795dd9b822c8f8"},"headline":"Mil\u00e1n reunir\u00e1 a m\u00e1s de 1.200 profesionales para analizar los retos de la transici\u00f3n energ\u00e9tica y las renovables en Italia","datePublished":"2026-08-25T11:12:39+00:00","dateModified":"2026-08-31T16:23:00+00:00","mainEntityOfPage":{"@id":"https:\/\/energyear.com\/notas-de-prensa\/milan-reunira-1200-profesionales-transicion-energetica-italia-2026\/"},"wordCount":788,"publisher":{"@id":"https:\/\/energyear.com\/es\/#organization"},"image":{"@id":"https:\/\/energyear.com\/notas-de-prensa\/milan-reunira-1200-profesionales-transicion-energetica-italia-2026\/#primaryimage"},"thumbnailUrl":"https:\/\/energyear.com\/wp-content\/uploads\/2026\/08\/PS82518-scaled.jpg","keywords":["Europa","Italia"],"articleSection":["Notas de prensa"],"inLanguage":"en-GB"},{"@type":"WebPage","@id":"https:\/\/energyear.com\/notas-de-prensa\/milan-reunira-1200-profesionales-transicion-energetica-italia-2026\/","url":"https:\/\/energyear.com\/notas-de-prensa\/milan-reunira-1200-profesionales-transicion-energetica-italia-2026\/","name":"NdP - Mil\u00e1n reunir\u00e1 a m\u00e1s de 1.200 profesionales de las renovables en Italia - Energyear","isPartOf":{"@id":"https:\/\/energyear.com\/es\/#website"},"primaryImageOfPage":{"@id":"https:\/\/energyear.com\/notas-de-prensa\/milan-reunira-1200-profesionales-transicion-energetica-italia-2026\/#primaryimage"},"image":{"@id":"https:\/\/energyear.com\/notas-de-prensa\/milan-reunira-1200-profesionales-transicion-energetica-italia-2026\/#primaryimage"},"thumbnailUrl":"https:\/\/energyear.com\/wp-content\/uploads\/2026\/08\/PS82518-scaled.jpg","datePublished":"2026-08-25T11:12:39+00:00","dateModified":"2026-08-31T16:23:00+00:00","description":"Energyear Italia 2026 celebrar\u00e1 la sexta edici\u00f3n los d\u00edas 13, 14 y 15 de octubre en el UNAHOTELS Expo Fiera Milano, consolid\u00e1ndose como uno de los principales puntos de encuentro del sector de las energ\u00edas renovables en Italia.","breadcrumb":{"@id":"https:\/\/energyear.com\/notas-de-prensa\/milan-reunira-1200-profesionales-transicion-energetica-italia-2026\/#breadcrumb"},"inLanguage":"en-GB","potentialAction":[{"@type":"ReadAction","target":["https:\/\/energyear.com\/notas-de-prensa\/milan-reunira-1200-profesionales-transicion-energetica-italia-2026\/"]}]},{"@type":"ImageObject","inLanguage":"en-GB","@id":"https:\/\/energyear.com\/notas-de-prensa\/milan-reunira-1200-profesionales-transicion-energetica-italia-2026\/#primaryimage","url":"https:\/\/energyear.com\/wp-content\/uploads\/2026\/08\/PS82518-scaled.jpg","contentUrl":"https:\/\/energyear.com\/wp-content\/uploads\/2026\/08\/PS82518-scaled.jpg","width":2560,"height":1707,"caption":"Mil\u00e1n reunir\u00e1 a m\u00e1s de 1.200 profesionales para analizar los retos de la transici\u00f3n energ\u00e9tica y las renovables en Italia"},{"@type":"BreadcrumbList","@id":"https:\/\/energyear.com\/notas-de-prensa\/milan-reunira-1200-profesionales-transicion-energetica-italia-2026\/#breadcrumb","itemListElement":[{"@type":"ListItem","position":1,"name":"Portada","item":"https:\/\/energyear.com\/"},{"@type":"ListItem","position":2,"name":"Mil\u00e1n reunir\u00e1 a m\u00e1s de 1.200 profesionales para analizar los retos de la transici\u00f3n energ\u00e9tica y las renovables en Italia"}]},{"@type":"WebSite","@id":"https:\/\/energyear.com\/es\/#website","url":"https:\/\/energyear.com\/es\/","name":"Energyear","description":"Renewable Energy and Mobility Events","publisher":{"@id":"https:\/\/energyear.com\/es\/#organization"},"potentialAction":[{"@type":"SearchAction","target":{"@type":"EntryPoint","urlTemplate":"https:\/\/energyear.com\/es\/?s={search_term_string}"},"query-input":{"@type":"PropertyValueSpecification","valueRequired":true,"valueName":"search_term_string"}}],"inLanguage":"en-GB"},{"@type":"Organization","@id":"https:\/\/energyear.com\/es\/#organization","name":"Energyear","url":"https:\/\/energyear.com\/es\/","logo":{"@type":"ImageObject","inLanguage":"en-GB","@id":"https:\/\/energyear.com\/es\/#\/schema\/logo\/image\/","url":"https:\/\/energyear.com\/wp-content\/uploads\/2022\/01\/logo_energyear_f.svg","contentUrl":"https:\/\/energyear.com\/wp-content\/uploads\/2022\/01\/logo_energyear_f.svg","width":100,"height":100,"caption":"Energyear"},"image":{"@id":"https:\/\/energyear.com\/es\/#\/schema\/logo\/image\/"}},{"@type":"Person","@id":"https:\/\/energyear.com\/es\/#\/schema\/person\/0e9d50001a4910a218795dd9b822c8f8","name":"Energyear SL","image":{"@type":"ImageObject","inLanguage":"en-GB","@id":"https:\/\/energyear.com\/wp-content\/litespeed\/avatar\/43a3da17ec6a1ff96601a7d947b79cb9.jpg?ver=1788178410","url":"https:\/\/energyear.com\/wp-content\/litespeed\/avatar\/43a3da17ec6a1ff96601a7d947b79cb9.jpg?ver=1788178410","contentUrl":"https:\/\/energyear.com\/wp-content\/litespeed\/avatar\/43a3da17ec6a1ff96601a7d947b79cb9.jpg?ver=1788178410","caption":"Energyear SL"},"url":"https:\/\/energyear.com\/en\/author\/marketing\/"}]}},"_links":{"self":[{"href":"https:\/\/energyear.com\/en\/wp-json\/wp\/v2\/posts\/88138","targetHints":{"allow":["GET"]}}],"collection":[{"href":"https:\/\/energyear.com\/en\/wp-json\/wp\/v2\/posts"}],"about":[{"href":"https:\/\/energyear.com\/en\/wp-json\/wp\/v2\/types\/post"}],"author":[{"embeddable":true,"href":"https:\/\/energyear.com\/en\/wp-json\/wp\/v2\/users\/14"}],"replies":[{"embeddable":true,"href":"https:\/\/energyear.com\/en\/wp-json\/wp\/v2\/comments?post=88138"}],"version-history":[{"count":5,"href":"https:\/\/energyear.com\/en\/wp-json\/wp\/v2\/posts\/88138\/revisions"}],"predecessor-version":[{"id":88477,"href":"https:\/\/energyear.com\/en\/wp-json\/wp\/v2\/posts\/88138\/revisions\/88477"}],"wp:featuredmedia":[{"embeddable":true,"href":"https:\/\/energyear.com\/en\/wp-json\/wp\/v2\/media\/88139"}],"wp:attachment":[{"href":"https:\/\/energyear.com\/en\/wp-json\/wp\/v2\/media?parent=88138"}],"wp:term":[{"taxonomy":"category","embeddable":true,"href":"https:\/\/energyear.com\/en\/wp-json\/wp\/v2\/categories?post=88138"},{"taxonomy":"post_tag","embeddable":true,"href":"https:\/\/energyear.com\/en\/wp-json\/wp\/v2\/tags?post=88138"}],"curies":[{"name":"wp","href":"https:\/\/api.w.org\/{rel}","templated":true}]}}